{"id":4622,"date":"2012-08-13T12:32:05","date_gmt":"2012-08-13T12:32:05","guid":{"rendered":"http:\/\/e-anjelik.sk\/?p=4622"},"modified":"2012-08-13T12:32:05","modified_gmt":"2012-08-13T12:32:05","slug":"severske-zeny-diskutuju-v-helsinkach","status":"publish","type":"post","link":"https:\/\/www.e-anjelik.sk\/index.php\/2012\/08\/13\/severske-zeny-diskutuju-v-helsinkach\/","title":{"rendered":"Seversk\u00e9 \u017eeny diskutuj\u00fa v Helsink\u00e1ch"},"content":{"rendered":"<p>Asi 80 \u017eien z Islandu, N&oacute;rska, &Scaron;v&eacute;dska a F&iacute;nska bude ma\u0165 v d\u0148och 16.-19. augusta 2012 v Helsink&aacute;ch ekumenick&uacute; konferenciu. T&eacute;mou konferencie je v&scaron;edn&yacute; \u017eivot a viera. Konferenciu organizuje Seversk&yacute; ekumenick&yacute; v&yacute;bor \u017eien (NEKK). T&aacute;to organiz&aacute;cia bola zalo\u017een&aacute; po vzore SRC v \u017deneve v roku 1990.Na z&aacute;ver konferencie&nbsp;v nede\u013eu 19. augusta bud&uacute; ekumenick&eacute; slu\u017eby Bo\u017eie.<\/p>\n<p>(evl.fi)<\/p>\n","protected":false},"excerpt":{"rendered":"<p>Asi 80 \u017eien z Islandu, N&oacute;rska, &Scaron;v&eacute;dska a F&iacute;nska bude ma\u0165 v d\u0148och 16.-19. augusta 2012 v Helsink&aacute;ch ekumenick&uacute; konferenciu. T&eacute;mou konferencie je v&scaron;edn&yacute; \u017eivot a viera. Konferenciu organizuje Seversk&yacute; ekumenick&yacute; v&yacute;bor \u017eien (NEKK). T&aacute;to organiz&aacute;cia bola zalo\u017een&aacute; po vzore SRC v \u017deneve v roku 1990.Na z&aacute;ver konferencie&nbsp;v nede\u013eu 19. augusta bud&uacute; ekumenick&eacute; slu\u017eby Bo\u017eie. &#8230; <a title=\"Seversk\u00e9 \u017eeny diskutuj\u00fa v Helsink\u00e1ch\" class=\"read-more\" href=\"https:\/\/www.e-anjelik.sk\/index.php\/2012\/08\/13\/severske-zeny-diskutuju-v-helsinkach\/\" aria-label=\"Pre\u010d\u00edtajte si viac o Seversk\u00e9 \u017eeny diskutuj\u00fa v Helsink\u00e1ch\">\u010c\u00edta\u0165 viac<\/a><\/p>\n","protected":false},"author":22,"featured_media":0,"comment_status":"open","ping_status":"open","sticky":false,"template":"","format":"standard","meta":{"footnotes":""},"categories":[2],"tags":[234],"class_list":["post-4622","post","type-post","status-publish","format-standard","hentry","category-ekumena","tag-zdruzenia-a-skupiny"],"_links":{"self":[{"href":"https:\/\/www.e-anjelik.sk\/index.php\/wp-json\/wp\/v2\/posts\/4622","targetHints":{"allow":["GET"]}}],"collection":[{"href":"https:\/\/www.e-anjelik.sk\/index.php\/wp-json\/wp\/v2\/posts"}],"about":[{"href":"https:\/\/www.e-anjelik.sk\/index.php\/wp-json\/wp\/v2\/types\/post"}],"author":[{"embeddable":true,"href":"https:\/\/www.e-anjelik.sk\/index.php\/wp-json\/wp\/v2\/users\/22"}],"replies":[{"embeddable":true,"href":"https:\/\/www.e-anjelik.sk\/index.php\/wp-json\/wp\/v2\/comments?post=4622"}],"version-history":[{"count":0,"href":"https:\/\/www.e-anjelik.sk\/index.php\/wp-json\/wp\/v2\/posts\/4622\/revisions"}],"wp:attachment":[{"href":"https:\/\/www.e-anjelik.sk\/index.php\/wp-json\/wp\/v2\/media?parent=4622"}],"wp:term":[{"taxonomy":"category","embeddable":true,"href":"https:\/\/www.e-anjelik.sk\/index.php\/wp-json\/wp\/v2\/categories?post=4622"},{"taxonomy":"post_tag","embeddable":true,"href":"https:\/\/www.e-anjelik.sk\/index.php\/wp-json\/wp\/v2\/tags?post=4622"}],"curies":[{"name":"wp","href":"https:\/\/api.w.org\/{rel}","templated":true}]}}