{"id":4624,"date":"2012-08-13T13:18:39","date_gmt":"2012-08-13T13:18:39","guid":{"rendered":"http:\/\/e-anjelik.sk\/?p=4624"},"modified":"2012-08-13T13:18:39","modified_gmt":"2012-08-13T13:18:39","slug":"elca-oslavi-svoje-25-vyrocie","status":"publish","type":"post","link":"https:\/\/www.e-anjelik.sk\/index.php\/2012\/08\/13\/elca-oslavi-svoje-25-vyrocie\/","title":{"rendered":"ELCA osl\u00e1vi svoje 25. v\u00fdro\u010die"},"content":{"rendered":"<p>V janu&aacute;ri 2013 za\u010dne Evanjelicko-luter&aacute;nska cirkev v Amerike (ELCA) pod heslom &quot;Ajh\u013ea, v&scaron;etko tvor&iacute;m nov&eacute;&quot; oslavova\u0165 svoje 25. jubileum. ELCA je najv&auml;\u010d&scaron;ia luter&aacute;nska cirkev v&nbsp;USA. M&aacute; 4,2 mili&oacute;na \u010dlenov, 10 tis&iacute;c cirkevn&yacute;ch zborov, 65 diec&eacute;z (syn&ocirc;d). Ako povedal predsedaj&uacute;ci biskup Mark Hanson, cirkev m&aacute; korene v P&iacute;sme, trad&iacute;cii&nbsp;a luter&aacute;nskom vyznan&iacute;. Po\u010das 25 rokov zriadila 435 nov&yacute;ch zborov, ordinovala do 8 tis&iacute;c far&aacute;rov, vyslala do sveta na slu\u017ebu do 2 tis&iacute;c mision&aacute;rov, &nbsp;pomohla v hlade a chudobe \u013eu\u010fom sumou sumou vy&scaron;e 380 mili&oacute;nov USD.<\/p>\n<p>(<a href=\"http:\/\/www.elca.org\">www.elca.org<\/a>)<\/p>\n","protected":false},"excerpt":{"rendered":"<p>V janu&aacute;ri 2013 za\u010dne Evanjelicko-luter&aacute;nska cirkev v Amerike (ELCA) pod heslom &quot;Ajh\u013ea, v&scaron;etko tvor&iacute;m nov&eacute;&quot; oslavova\u0165 svoje 25. jubileum. ELCA je najv&auml;\u010d&scaron;ia luter&aacute;nska cirkev v&nbsp;USA. M&aacute; 4,2 mili&oacute;na \u010dlenov, 10 tis&iacute;c cirkevn&yacute;ch zborov, 65 diec&eacute;z (syn&ocirc;d). Ako povedal predsedaj&uacute;ci biskup Mark Hanson, cirkev m&aacute; korene v P&iacute;sme, trad&iacute;cii&nbsp;a luter&aacute;nskom vyznan&iacute;. Po\u010das 25 rokov zriadila 435 &#8230; <a title=\"ELCA osl\u00e1vi svoje 25. v\u00fdro\u010die\" class=\"read-more\" href=\"https:\/\/www.e-anjelik.sk\/index.php\/2012\/08\/13\/elca-oslavi-svoje-25-vyrocie\/\" aria-label=\"Pre\u010d\u00edtajte si viac o ELCA osl\u00e1vi svoje 25. v\u00fdro\u010die\">\u010c\u00edta\u0165 viac<\/a><\/p>\n","protected":false},"author":22,"featured_media":0,"comment_status":"open","ping_status":"open","sticky":false,"template":"","format":"standard","meta":{"footnotes":""},"categories":[46,10],"tags":[],"class_list":["post-4624","post","type-post","status-publish","format-standard","hentry","category-amerika","category-zo-sveta"],"_links":{"self":[{"href":"https:\/\/www.e-anjelik.sk\/index.php\/wp-json\/wp\/v2\/posts\/4624","targetHints":{"allow":["GET"]}}],"collection":[{"href":"https:\/\/www.e-anjelik.sk\/index.php\/wp-json\/wp\/v2\/posts"}],"about":[{"href":"https:\/\/www.e-anjelik.sk\/index.php\/wp-json\/wp\/v2\/types\/post"}],"author":[{"embeddable":true,"href":"https:\/\/www.e-anjelik.sk\/index.php\/wp-json\/wp\/v2\/users\/22"}],"replies":[{"embeddable":true,"href":"https:\/\/www.e-anjelik.sk\/index.php\/wp-json\/wp\/v2\/comments?post=4624"}],"version-history":[{"count":0,"href":"https:\/\/www.e-anjelik.sk\/index.php\/wp-json\/wp\/v2\/posts\/4624\/revisions"}],"wp:attachment":[{"href":"https:\/\/www.e-anjelik.sk\/index.php\/wp-json\/wp\/v2\/media?parent=4624"}],"wp:term":[{"taxonomy":"category","embeddable":true,"href":"https:\/\/www.e-anjelik.sk\/index.php\/wp-json\/wp\/v2\/categories?post=4624"},{"taxonomy":"post_tag","embeddable":true,"href":"https:\/\/www.e-anjelik.sk\/index.php\/wp-json\/wp\/v2\/tags?post=4624"}],"curies":[{"name":"wp","href":"https:\/\/api.w.org\/{rel}","templated":true}]}}