{"id":4625,"date":"2012-08-14T17:53:40","date_gmt":"2012-08-14T17:53:40","guid":{"rendered":"http:\/\/e-anjelik.sk\/?p=4625"},"modified":"2012-08-14T17:53:40","modified_gmt":"2012-08-14T17:53:40","slug":"14-august","status":"publish","type":"post","link":"https:\/\/www.e-anjelik.sk\/index.php\/2012\/08\/14\/14-august\/","title":{"rendered":"14. AUGUST"},"content":{"rendered":"<p>                              14. AUGUST<\/p>\n<p>Zistili sme toti\u017e, \u017ee tento mu\u017e je ako mor, po celom svete vyvol\u00e1va vzbury medzi \u017eidmi a je vodcom nazaretskej sekty!<\/p>\n<p>                                                        Skutky apo\u0161tolov 24, 5<\/p>\n<p>     Ka\u017ed\u00fd narieka a kri\u010d\u00ed, \u017ee Evanjelium sp\u00f4sobuje mnoh\u00fd nepokoj, h\u00e1dky a vyvol\u00e1va neporiadok vo svete. Odkedy objavilo, je vraj v\u0161etko hor\u0161ie ako predt\u00fdm, ke\u010f vl\u00e1dlo pr\u00edjemn\u00e9 ticho. Nebolo nijak\u00e9ho prenasledovania a \u013eudia na\u017e\u00edvali spolu ako dobr\u00ed priatelia a susedia.<\/p>\n<p>M\u00e1rnym re\u010diam treba odpoveda\u0165: Nemus\u00ed a nem\u00f4\u017ee to vyzera\u0165 hne\u010f pr\u00edjemne. Ako inak by to mohlo vyzera\u0165, kde diabol m\u00e1 vl\u00e1du a preto Evanjelium na smr\u0165 nen\u00e1vidia? Preto ned\u00fafaj v nijak\u00fd pokoj a tichos\u0165, zatia\u013e \u010do Kristus so svoj\u00edm evanjeliom prenik\u00e1 do r\u00ed\u0161e diabla.<\/p>\n<p>Beda blahu a tichu, ktor\u00e9 sa udom\u00e1cnilo a je predmetom prian\u00ed a t\u00fa\u017eob, lebo to je jasn\u00e9 znamenie, \u017ee vl\u00e1dne diabol so v\u0161etkou svojou mocou, ale nie Kristus. \u017dia\u013e, ako sa len ob\u00e1vam, aby bol \u010fal\u0161\u00ed pohyb spr\u00e1vny a Evanjelium sa od n\u00e1s Nemcov \u010doskoro dostalo v\u0161ade, kde sp\u00f4sobuje teraz to\u013eko kriku.<\/p>\n<p>                                  Martin Luther: Smerovn\u00edk kres\u0165anskej cesty<\/p>\n","protected":false},"excerpt":{"rendered":"<p>14. AUGUST Zistili sme toti\u017e, \u017ee tento mu\u017e je ako mor, po celom svete vyvol\u00e1va vzbury medzi \u017eidmi a je vodcom nazaretskej sekty! Skutky apo\u0161tolov 24, 5 Ka\u017ed\u00fd narieka a kri\u010d\u00ed, \u017ee Evanjelium sp\u00f4sobuje mnoh\u00fd nepokoj, h\u00e1dky a vyvol\u00e1va neporiadok vo svete. Odkedy objavilo, je vraj v\u0161etko hor\u0161ie ako predt\u00fdm, ke\u010f vl\u00e1dlo pr\u00edjemn\u00e9 ticho. Nebolo &#8230; <a title=\"14. AUGUST\" class=\"read-more\" href=\"https:\/\/www.e-anjelik.sk\/index.php\/2012\/08\/14\/14-august\/\" aria-label=\"Pre\u010d\u00edtajte si viac o 14. AUGUST\">\u010c\u00edta\u0165 viac<\/a><\/p>\n","protected":false},"author":4,"featured_media":0,"comment_status":"open","ping_status":"open","sticky":false,"template":"","format":"standard","meta":{"footnotes":""},"categories":[1],"tags":[],"class_list":["post-4625","post","type-post","status-publish","format-standard","hentry","category-adventna-modlitba"],"_links":{"self":[{"href":"https:\/\/www.e-anjelik.sk\/index.php\/wp-json\/wp\/v2\/posts\/4625","targetHints":{"allow":["GET"]}}],"collection":[{"href":"https:\/\/www.e-anjelik.sk\/index.php\/wp-json\/wp\/v2\/posts"}],"about":[{"href":"https:\/\/www.e-anjelik.sk\/index.php\/wp-json\/wp\/v2\/types\/post"}],"author":[{"embeddable":true,"href":"https:\/\/www.e-anjelik.sk\/index.php\/wp-json\/wp\/v2\/users\/4"}],"replies":[{"embeddable":true,"href":"https:\/\/www.e-anjelik.sk\/index.php\/wp-json\/wp\/v2\/comments?post=4625"}],"version-history":[{"count":0,"href":"https:\/\/www.e-anjelik.sk\/index.php\/wp-json\/wp\/v2\/posts\/4625\/revisions"}],"wp:attachment":[{"href":"https:\/\/www.e-anjelik.sk\/index.php\/wp-json\/wp\/v2\/media?parent=4625"}],"wp:term":[{"taxonomy":"category","embeddable":true,"href":"https:\/\/www.e-anjelik.sk\/index.php\/wp-json\/wp\/v2\/categories?post=4625"},{"taxonomy":"post_tag","embeddable":true,"href":"https:\/\/www.e-anjelik.sk\/index.php\/wp-json\/wp\/v2\/tags?post=4625"}],"curies":[{"name":"wp","href":"https:\/\/api.w.org\/{rel}","templated":true}]}}