{"id":4631,"date":"2012-08-19T20:20:59","date_gmt":"2012-08-19T20:20:59","guid":{"rendered":"http:\/\/e-anjelik.sk\/?p=4631"},"modified":"2012-08-19T20:20:59","modified_gmt":"2012-08-19T20:20:59","slug":"podnet-k-pokaniu","status":"publish","type":"post","link":"https:\/\/www.e-anjelik.sk\/index.php\/2012\/08\/19\/podnet-k-pokaniu\/","title":{"rendered":"Podnet k pok\u00e1niu"},"content":{"rendered":"<p>&nbsp;<span class=\"Apple-style-span\" style=\"font-family: Helvetica; font-size: 16px; line-height: normal; \"><b>&nbsp; &nbsp; &nbsp; &nbsp; &nbsp; &nbsp; &nbsp; &nbsp; &nbsp; &nbsp; &nbsp; &nbsp; &nbsp; &nbsp; &nbsp; &nbsp; &nbsp; &nbsp; &nbsp; Podnet k pok&aacute;niu<\/b><\/span><\/p>\n<p style=\"margin: 0.0px 0.0px 0.0px 0.0px; font: 16.0px Helvetica\"><span style=\"letter-spacing: 0.0px\"><b>Mt 24, 1 &#8211; 2:<\/b><\/span><\/p>\n<p style=\"margin: 0.0px 0.0px 0.0px 0.0px; font: 16.0px Helvetica; min-height: 19.0px\">&nbsp;<\/p>\n<p style=\"margin: 0.0px 0.0px 0.0px 0.0px; font: 16.0px Helvetica\"><span style=\"letter-spacing: 0.0px\"><i>&ldquo;Potom vy&scaron;iel Je\u017ei&scaron; z chr&aacute;mu a odch&aacute;dzal. I prist&uacute;pili k Nemu Jeho u\u010den&iacute;ci, aby Mu uk&aacute;zali budovy chr&aacute;mu. (2) Riekol im: \u010ci vid&iacute;te v&scaron;etko toto? Veru, veru v&aacute;m hovor&iacute;m, \u017ee nezostane tu kame\u0148 na kameni, ktor&yacute; by nebol zboren&yacute;.&rdquo; Amen<\/i><\/span><\/p>\n<p style=\"margin: 0.0px 0.0px 0.0px 0.0px; font: 16.0px Helvetica; min-height: 19.0px\"><span style=\"letter-spacing: 0.0px\">&nbsp; &nbsp; &nbsp;<\/span><\/p>\n<p style=\"margin: 0.0px 0.0px 0.0px 0.0px; font: 16.0px Helvetica\"><span style=\"letter-spacing: 0.0px\">&nbsp; &nbsp; &nbsp; Mil&iacute; bratia&nbsp;a sestry v P&aacute;novi!<\/span><\/p>\n<p style=\"margin: 0.0px 0.0px 0.0px 0.0px; font: 16.0px Helvetica; min-height: 19.0px\"><span style=\"letter-spacing: 0.0px\">&nbsp;&nbsp; &nbsp; &nbsp;<\/span><\/p>\n<p style=\"margin: 0.0px 0.0px 0.0px 0.0px; font: 16.0px Helvetica\"><span style=\"letter-spacing: 0.0px\">&nbsp; &nbsp; &nbsp; Ke\u010f sv&auml;t&iacute;me dne&scaron;n&uacute; 10. nede\u013eu po Sv&auml;tej Trojici ako<b> nede\u013eu kaj&uacute;cu,<\/b> neznamen&aacute; to nejak&yacute; v&yacute;nimo\u010dn&yacute; pokyn kona\u0165 v na&scaron;om \u017eivote pok&aacute;nie. Akoby v&yacute;zva k poznaniu a vyznaniu na&scaron;ich hriechov a v&yacute;zva v odvahe viery prosi\u0165 P&aacute;na o odpustenie a Jeho milos\u0165 bola vy&aacute;rendovan&aacute; na jede\u0148 de\u0148, \u010di jednu nede\u013eu v priebehu cirkevn&eacute;ho roku.&nbsp;<\/span><\/p>\n<p style=\"margin: 0.0px 0.0px 0.0px 0.0px; font: 16.0px Helvetica\"><span style=\"letter-spacing: 0.0px\">Evanjelick&yacute; kres\u0165an vie a m&aacute; pam&auml;ta\u0165 na svoj Krst, na to, \u017ee bol prijat&yacute; P&aacute;nom Bohom na milos\u0165. M&aacute;me sa v\u017edy znovu rozpom&iacute;na\u0165 na to, \u017ee duchovn&eacute; znovuzrodenie skrze Ducha Sv&auml;t&eacute;ho ktor&eacute; v Je\u017ei&scaron;ovom <b>Krste za\u010dalo,<\/b> m&aacute; ma\u0165 svoje pokra\u010dovanie. Lebo<i> krstenie vodou znamen&aacute;<\/i>, \u017ee &ldquo;<i>star&yacute; Adam v n&aacute;s<\/i> &#8211; (t.j. hrie&scaron;ny \u010dlovek) &#8211;&nbsp; <i>m&aacute; by\u0165 ka\u017edodennou \u013e&uacute;tos\u0165ou a pok&aacute;n&iacute;m so v&scaron;etk&yacute;mi hriechami a zl&yacute;mi \u017eiados\u0165ami topen&yacute; a m\u0155tven&yacute; a \u017ee zase ka\u017ed&yacute; de\u0148 m&aacute; v n&aacute;s vych&aacute;dza\u0165 a povst&aacute;va\u0165 nov&yacute; \u010dlovek, ktor&yacute; by v spravodivosti a \u010distote \u017eivot \u017eil <\/i><b><i>pred&nbsp; Bohom naveky&rdquo;. &nbsp;<\/i><\/b><\/span><\/p>\n<p style=\"margin: 0.0px 0.0px 0.0px 0.0px; font: 16.0px Helvetica; min-height: 19.0px\"><span style=\"letter-spacing: 0.0px\"><b>&nbsp; &nbsp;<\/b><\/span><\/p>\n<p style=\"margin: 0.0px 0.0px 0.0px 0.0px; font: 16.0px Helvetica\"><span style=\"letter-spacing: 0.0px\">Kaj&uacute;ca nede\u013ea nie je teda nejakou v&yacute;nimkou v rade ostatn&yacute;ch dn&iacute; n&aacute;&scaron;ho \u017eivota v ot&aacute;zke pok&aacute;nia. Jej v&yacute;nimo\u010dnos\u0165 je sk&ocirc;r v tom, \u017ee d&aacute;va v&yacute;raz tomu, \u017ee pok&aacute;nie je na&scaron;&iacute;m spolo\u010dn&yacute;m programom a cestou. \u017de patr&iacute; k \u017eivotu v&scaron;etk&eacute;ho novozmluvn&eacute;ho \u013eudu Bo\u017eieho.&nbsp;<\/span><\/p>\n<p style=\"margin: 0.0px 0.0px 0.0px 0.0px; font: 16.0px Helvetica\"><span style=\"letter-spacing: 0.0px\">Je pripomenut&iacute;m, \u017ee ak by sme na \u010dinenie pok&aacute;nia zabudli, alebo si mysleli, \u017ee ho nepotrebujeme, m&ocirc;\u017ee n&aacute;s stretn&uacute;\u0165 &uacute;del \u013eudu SZ, ktor&yacute; si pr&aacute;ve toto myslel. Zakladal si na Bo\u017eom vyvolen&iacute;, na svojom chr&aacute;me a bohoslu\u017ebe, ktor&uacute; ch&aacute;pal ako vlastn&uacute; slu\u017ebu Bohu. Ch&yacute;balo tak v nej to hlavn&eacute;: to \u010do P&aacute;n Boh s&aacute;m d&aacute;va a pon&uacute;ka \u010dloveku.<\/span><\/p>\n<p style=\"margin: 0.0px 0.0px 0.0px 0.0px; font: 16.0px Helvetica\"><span style=\"letter-spacing: 0.0px\">&nbsp; &nbsp; Desiata nede\u013ea po Sv&auml;tej Trojici n&aacute;m znova a znova, z roka na rok pripom&iacute;na <b>zni\u010denie mesta Jeruzalema a jeho chr&aacute;mu<\/b>. T&yacute;m aj bohoslu\u017eby, v ktorej Boh nemal z&aacute;\u013eubu. T&aacute;to bohoslu\u017eba nebola u\u017e nikdy obnoven&aacute;. Hist&oacute;ria zni\u010denia Jeruzalema je ve\u013emi pohnutou udalos\u0165ou. Je pomerne dobre zn&aacute;ma, lebo ju verne op&iacute;sal o\u010dit&yacute; svedok, priamy &uacute;\u010dastn&iacute;k a jednen z vodcov \u017eidovsk&eacute;ho povstania <b>Jozef Flavius<\/b>. N&aacute;m v&scaron;ak nejde iba o opis dramatick&yacute;ch udalost&iacute; minulosti, ktor&eacute; boli P&aacute;nom Je\u017ei&scaron;om predpovedan&eacute;. Boli ozn&aacute;men&eacute; vopred ako d&ocirc;vod toho, \u017ee mesto a jeho obyvatelia <i>&ldquo;nepoznali \u010dasu svojho nav&scaron;t&iacute;venia.&rdquo;<\/i><\/span><\/p>\n<p style=\"margin: 0.0px 0.0px 0.0px 0.0px; font: 16.0px Helvetica\"><span style=\"letter-spacing: 0.0px\"><i>&nbsp; &nbsp; &nbsp; <\/i>N&aacute;deje Izraela sa odr&aacute;\u017eaj&uacute; aj v slov&aacute;ch P&aacute;nov&yacute;ch u\u010den&iacute;kov, ktor&iacute; s hrdos\u0165ou ukazovali na m&uacute;ry Jeruzalema a stavbu chr&aacute;mu. Vtedy P&aacute;n Je\u017ei&scaron; povedal: <i>&ldquo;\u010ci vid&iacute;te toto v&scaron;etko? Veru v&aacute;m hovor&iacute;m, \u017ee nezostane tu kame\u0148 na kameni, ktor&yacute; by nebol zboren&yacute;.<\/i>&rdquo; Je\u017ei&scaron;ove slov&aacute; sa naplnili v r. 7O. Ak n&aacute;m teda nejde iba o spomienku na potla\u010denie \u017eidovsk&eacute;ho povstania a krvav&uacute; dr&aacute;mu n&aacute;roda s t&yacute;m spojen&uacute;, p&yacute;tame sa na hlavn&yacute; zmysel dne&scaron;nej nedele. V \u010dom spo\u010d&iacute;va?&nbsp;<\/span><\/p>\n<p style=\"margin: 0.0px 0.0px 0.0px 0.0px; font: 16.0px Helvetica\"><span style=\"letter-spacing: 0.0px\">&nbsp; &nbsp; &nbsp; Je n&iacute;m povzbudenie vo viere, ktor&aacute; sa jednozna\u010dne spolieha na z&aacute;sluhy Je\u017ei&scaron;a Krista pre na&scaron;e spasenie. Na Jeho obe\u0165 prinesen&uacute; za n&aacute;s a za na&scaron;e hriechy na kr&iacute;\u017ei, ke\u010f sa <i>&ldquo;chr&aacute;mov&aacute; opona roztrhla na dvoje<\/i>&rdquo; a uk&aacute;zala sa pravdivos\u0165 slov J&aacute;na Krstite\u013ea, \u017ee <i>On je Bar&aacute;nok Bo\u017e&iacute;, sm&iacute;maj&uacute;ci hriech sveta.<\/i><\/span><\/p>\n<p style=\"margin: 0.0px 0.0px 0.0px 0.0px; font: 16.0px Helvetica; min-height: 19.0px\"><span style=\"letter-spacing: 0.0px\">&nbsp;&nbsp; &nbsp; &nbsp; &nbsp;<\/span><\/p>\n<p style=\"margin: 0.0px 0.0px 0.0px 0.0px; font: 16.0px Helvetica\"><span style=\"letter-spacing: 0.0px\">&nbsp; &nbsp; &nbsp; Ak m&aacute;me teda spasite\u013ene prij&iacute;ma\u0165 Jeho obe\u0165, Jeho sv&auml;t&eacute; telo a krv obetovan&uacute; za n&aacute;s, m&aacute; tomu predch&aacute;dza\u0165 poznanie a vyznanie na&scaron;ich hriechov. Poznanie potreby prija\u0165 v plnosti Jeho dielo.<\/span><\/p>\n<p style=\"margin: 0.0px 0.0px 0.0px 0.0px; font: 16.0px Helvetica\"><span style=\"letter-spacing: 0.0px\">Ka\u017edodenn&eacute; pok&aacute;nie znamen&aacute; aj tak&eacute;to<b> spolo\u010dn&eacute; a verejn&eacute; vyznanie hriechov a prist&uacute;penie k P&aacute;novmu stolu.&nbsp;<\/b><\/span><\/p>\n<p style=\"margin: 0.0px 0.0px 0.0px 0.0px; font: 16.0px Helvetica\"><span style=\"letter-spacing: 0.0px\"><b>&nbsp; &nbsp; &nbsp; <\/b>Ka\u017ed&yacute; z n&aacute;s osobne a osobitne, ale aj spolo\u010dne, ako cirkev a telo Kristovo potrebujeme o\u010distenie, nov&eacute; odpustenie a povzbudenie vo viere. Na&scaron;a viera je teda celkom kokr&eacute;tna v tom, \u017ee orientujeme svoj \u017eivot na P&aacute;na Je\u017ei&scaron;a Krista a na ponuku Bo\u017eej milosti v \u0147om. Nebesk&yacute; Otec &ldquo;<i>pre Neho je l&aacute;skav&yacute; k n&aacute;m a odp&uacute;&scaron;\u0165a n&aacute;m hriechy&rdquo;<\/i>. Ak v&scaron;ak niekto hovor&iacute;, \u017ee nem&aacute; hriechov, klame s&aacute;m seba a navy&scaron;e obvi\u0148uje z klamstva Boha, ktor&yacute; hovor&iacute;, \u017ee hrie&scaron;ni sme. Smieme v&scaron;ak by\u0165 a zosta\u0165 omilosten&yacute;mi hre&scaron;nikmi. De\u0165mi, ktor&eacute; nebesk&yacute; Otec nechce tresta\u0165 \u010dasn&yacute;mi trestami, ani ve\u010dnou smr\u0165ou.<\/span><\/p>\n<p style=\"margin: 0.0px 0.0px 0.0px 0.0px; font: 16.0px Helvetica; min-height: 19.0px\"><span style=\"letter-spacing: 0.0px\">&nbsp; &nbsp;<\/span><\/p>\n<p style=\"margin: 0.0px 0.0px 0.0px 0.0px; font: 16.0px Helvetica\"><span style=\"letter-spacing: 0.0px\">&nbsp; &nbsp; &nbsp; <b>Kaj&uacute;ca nede\u013ea<\/b> je pre n&aacute;s v&yacute;zvou k prijatiu nov&eacute;ho uistenia, \u017ee sme&nbsp; Bo\u017eie deti a dedi\u010dia Jeho zas\u013e&uacute;ben&iacute;. Kde je odpustenie hriechov, tam je aj \u017eivot a spasenie. Nie zborenie toho, \u010do tu bolo a je vytvoren&eacute; Kristov&yacute;mi z&aacute;sluhami. A to je najm&auml; spolo\u010denstvo s&nbsp; nebesk&yacute;m Otcom. Akoko\u013evek sa jav&iacute; cesta pok&aacute;nia v&aacute;\u017ena, \u0165a\u017ek&aacute; a mo\u017eno pochm&uacute;rna, je cestou k novote \u017eivota a k spaseniu. Je uisten&iacute;m, ktor&eacute; ap.Pavol vyznal&nbsp; takto:<i> &ldquo;Nikto a ni<\/i>\u010d &#8211; nijak&eacute; zlo a mocnosti zla &#8211;<i> n&aacute;s nebud&uacute; m&ocirc;c\u0165 odl&uacute;\u010di\u0165 od l&aacute;sky Bo\u017eej, ktor&aacute; je v Kristu Je\u017ei&scaron;i, na&scaron;om P&aacute;novi&rdquo;.<\/i> Vyznajme preto teraz svoje hriechy a pr&iacute;jmime nov&uacute; milos\u0165 Bo\u017eiu v tele a krvi Kristovej. Amen.<\/span><\/p>\n<p style=\"margin: 0.0px 0.0px 0.0px 0.0px; font: 16.0px Helvetica; min-height: 19.0px\">&nbsp;<\/p>\n<p style=\"margin: 0.0px 0.0px 0.0px 0.0px; font: 12.0px Helvetica\"><span style=\"font: 16.0px Helvetica; letter-spacing: 0.0px\">&nbsp; &nbsp; &nbsp; &nbsp;<\/span><span style=\"letter-spacing: 0.0px\">K&aacute;ze\u0148 v 10.N. po Sv.Tr. s prij&iacute;man&iacute;m VP &#8211; Rovensko a Soboti&scaron;te 2012&nbsp; &nbsp; &#8211; \u013d.Batka st.<\/span><\/p>\n<p style=\"margin: 0.0px 0.0px 0.0px 0.0px; font: 12.0px Helvetica; min-height: 14.0px\">&nbsp;<\/p>\n<p style=\"margin: 0.0px 0.0px 0.0px 0.0px; font: 12.0px Helvetica; min-height: 14.0px\">&nbsp;<\/p>\n<p style=\"margin: 0.0px 0.0px 0.0px 0.0px; font: 16.0px Helvetica; min-height: 19.0px\"><span style=\"letter-spacing: 0.0px\">&nbsp; &nbsp;<b> &nbsp; &nbsp; &nbsp;<\/b><\/span><\/p>\n","protected":false},"excerpt":{"rendered":"<p>&nbsp;&nbsp; &nbsp; &nbsp; &nbsp; &nbsp; &nbsp; &nbsp; &nbsp; &nbsp; &nbsp; &nbsp; &nbsp; &nbsp; &nbsp; &nbsp; &nbsp; &nbsp; &nbsp; &nbsp; Podnet k pok&aacute;niu Mt 24, 1 &#8211; 2: &nbsp; &ldquo;Potom vy&scaron;iel Je\u017ei&scaron; z chr&aacute;mu a odch&aacute;dzal. I prist&uacute;pili k Nemu Jeho u\u010den&iacute;ci, aby Mu uk&aacute;zali budovy chr&aacute;mu. (2) Riekol im: \u010ci vid&iacute;te v&scaron;etko toto? Veru, veru &#8230; <a title=\"Podnet k pok\u00e1niu\" class=\"read-more\" href=\"https:\/\/www.e-anjelik.sk\/index.php\/2012\/08\/19\/podnet-k-pokaniu\/\" aria-label=\"Pre\u010d\u00edtajte si viac o Podnet k pok\u00e1niu\">\u010c\u00edta\u0165 viac<\/a><\/p>\n","protected":false},"author":4,"featured_media":0,"comment_status":"open","ping_status":"open","sticky":false,"template":"","format":"standard","meta":{"footnotes":""},"categories":[119,95],"tags":[249,192],"class_list":["post-4631","post","type-post","status-publish","format-standard","hentry","category-obdobie-po-sv-trojici","category-sobotiste","tag-bohosluzby","tag-kazen"],"_links":{"self":[{"href":"https:\/\/www.e-anjelik.sk\/index.php\/wp-json\/wp\/v2\/posts\/4631","targetHints":{"allow":["GET"]}}],"collection":[{"href":"https:\/\/www.e-anjelik.sk\/index.php\/wp-json\/wp\/v2\/posts"}],"about":[{"href":"https:\/\/www.e-anjelik.sk\/index.php\/wp-json\/wp\/v2\/types\/post"}],"author":[{"embeddable":true,"href":"https:\/\/www.e-anjelik.sk\/index.php\/wp-json\/wp\/v2\/users\/4"}],"replies":[{"embeddable":true,"href":"https:\/\/www.e-anjelik.sk\/index.php\/wp-json\/wp\/v2\/comments?post=4631"}],"version-history":[{"count":0,"href":"https:\/\/www.e-anjelik.sk\/index.php\/wp-json\/wp\/v2\/posts\/4631\/revisions"}],"wp:attachment":[{"href":"https:\/\/www.e-anjelik.sk\/index.php\/wp-json\/wp\/v2\/media?parent=4631"}],"wp:term":[{"taxonomy":"category","embeddable":true,"href":"https:\/\/www.e-anjelik.sk\/index.php\/wp-json\/wp\/v2\/categories?post=4631"},{"taxonomy":"post_tag","embeddable":true,"href":"https:\/\/www.e-anjelik.sk\/index.php\/wp-json\/wp\/v2\/tags?post=4631"}],"curies":[{"name":"wp","href":"https:\/\/api.w.org\/{rel}","templated":true}]}}