{"id":4633,"date":"2012-08-21T14:03:52","date_gmt":"2012-08-21T14:03:52","guid":{"rendered":"http:\/\/e-anjelik.sk\/?p=4633"},"modified":"2012-08-21T14:03:52","modified_gmt":"2012-08-21T14:03:52","slug":"ake-bonnier-bol-ordinovany-za-biskupa-v-skara-svedsko","status":"publish","type":"post","link":"https:\/\/www.e-anjelik.sk\/index.php\/2012\/08\/21\/ake-bonnier-bol-ordinovany-za-biskupa-v-skara-svedsko\/","title":{"rendered":"Ake Bonnier bol ordinovan\u00fd za biskupa v Skara, \u0160v\u00e9dsko"},"content":{"rendered":"<p>Ake Bonniers, doteraj&scaron;&iacute; dekan katedr&aacute;ly&nbsp;v &Scaron;tokholme , ktor&yacute; bol v marci t.r. zvolen&yacute; za diec&eacute;zneho biskupa v Skara, bol v nede\u013eu 19. augusta 2012 v katedr&aacute;le v Uppsale vysv&auml;ten&yacute; arcibiskupiom Wejrydom za biskupa. Do biskupsk&eacute;ho znaku si vybral otvoren&uacute; knihu, \u010do m&aacute; symbolizova\u0165&nbsp; jeho ciele: \u010d&iacute;ta\u0165 a vyklada\u0165 Bo\u017eie Slovo a pod\u013ea neho \u017ei\u0165. Nad knihou je monogram Je\u017ei&scaron;a Krista. Na sl&aacute;vnosti sa z&uacute;\u010dastnila ak korunn&aacute; princezn&aacute; Victoria.<\/p>\n<p>(<a href=\"http:\/\/www.dagen.se\">www.dagen.se<\/a>)<br \/>\n&nbsp;<\/p>\n","protected":false},"excerpt":{"rendered":"<p>Ake Bonniers, doteraj&scaron;&iacute; dekan katedr&aacute;ly&nbsp;v &Scaron;tokholme , ktor&yacute; bol v marci t.r. zvolen&yacute; za diec&eacute;zneho biskupa v Skara, bol v nede\u013eu 19. augusta 2012 v katedr&aacute;le v Uppsale vysv&auml;ten&yacute; arcibiskupiom Wejrydom za biskupa. Do biskupsk&eacute;ho znaku si vybral otvoren&uacute; knihu, \u010do m&aacute; symbolizova\u0165&nbsp; jeho ciele: \u010d&iacute;ta\u0165 a vyklada\u0165 Bo\u017eie Slovo a pod\u013ea neho \u017ei\u0165. Nad &#8230; <a title=\"Ake Bonnier bol ordinovan\u00fd za biskupa v Skara, \u0160v\u00e9dsko\" class=\"read-more\" href=\"https:\/\/www.e-anjelik.sk\/index.php\/2012\/08\/21\/ake-bonnier-bol-ordinovany-za-biskupa-v-skara-svedsko\/\" aria-label=\"Pre\u010d\u00edtajte si viac o Ake Bonnier bol ordinovan\u00fd za biskupa v Skara, \u0160v\u00e9dsko\">\u010c\u00edta\u0165 viac<\/a><\/p>\n","protected":false},"author":22,"featured_media":0,"comment_status":"open","ping_status":"open","sticky":false,"template":"","format":"standard","meta":{"footnotes":""},"categories":[42,10],"tags":[],"class_list":["post-4633","post","type-post","status-publish","format-standard","hentry","category-skandinavia","category-zo-sveta"],"_links":{"self":[{"href":"https:\/\/www.e-anjelik.sk\/index.php\/wp-json\/wp\/v2\/posts\/4633","targetHints":{"allow":["GET"]}}],"collection":[{"href":"https:\/\/www.e-anjelik.sk\/index.php\/wp-json\/wp\/v2\/posts"}],"about":[{"href":"https:\/\/www.e-anjelik.sk\/index.php\/wp-json\/wp\/v2\/types\/post"}],"author":[{"embeddable":true,"href":"https:\/\/www.e-anjelik.sk\/index.php\/wp-json\/wp\/v2\/users\/22"}],"replies":[{"embeddable":true,"href":"https:\/\/www.e-anjelik.sk\/index.php\/wp-json\/wp\/v2\/comments?post=4633"}],"version-history":[{"count":0,"href":"https:\/\/www.e-anjelik.sk\/index.php\/wp-json\/wp\/v2\/posts\/4633\/revisions"}],"wp:attachment":[{"href":"https:\/\/www.e-anjelik.sk\/index.php\/wp-json\/wp\/v2\/media?parent=4633"}],"wp:term":[{"taxonomy":"category","embeddable":true,"href":"https:\/\/www.e-anjelik.sk\/index.php\/wp-json\/wp\/v2\/categories?post=4633"},{"taxonomy":"post_tag","embeddable":true,"href":"https:\/\/www.e-anjelik.sk\/index.php\/wp-json\/wp\/v2\/tags?post=4633"}],"curies":[{"name":"wp","href":"https:\/\/api.w.org\/{rel}","templated":true}]}}