{"id":4636,"date":"2012-08-22T16:59:06","date_gmt":"2012-08-22T16:59:06","guid":{"rendered":"http:\/\/e-anjelik.sk\/?p=4636"},"modified":"2012-08-22T16:59:06","modified_gmt":"2012-08-22T16:59:06","slug":"zasadnutie-fararoviek-rakuska","status":"publish","type":"post","link":"https:\/\/www.e-anjelik.sk\/index.php\/2012\/08\/22\/zasadnutie-fararoviek-rakuska\/","title":{"rendered":"Zasadnutie far\u00e1rov\/iek Rak\u00faska"},"content":{"rendered":"<p>Luter&aacute;nski, reformovan&iacute; a metodistick&iacute; far&aacute;ri a far&aacute;rky z cel&eacute;ho Rak&uacute;ska sa z&iacute;du v Mittersill&nbsp;(Salzburg) v \u010dase od 27. do 30. augusta 2012. T&eacute;mou predn&aacute;&scaron;ok , workshopov a diskusi&iacute; je &quot;Riskantn&eacute; liturgie &#8211; cirkev za m&uacute;rmi kostolov.&quot; Rozobera\u0165 sa bud&uacute; k&aacute;zne a modlitby pri nehod&aacute;ch, katastrof&aacute;ch, pri spomienkach na vojnov&eacute; obete a&nbsp;pod. V predpol&iacute; tohto zhroma\u017edenia sa 27. augusta popoludn&iacute; uskuto\u010dn&iacute; gener&aacute;lne zhroma\u017edenie Zdru\u017eenia evanjelick&yacute;ch far&aacute;rov a&nbsp;far&aacute;riek v Rak&uacute;sku.<\/p>\n<p>(<a href=\"http:\/\/www.evang.at\">www.evang.at<\/a>)&nbsp;<\/p>\n","protected":false},"excerpt":{"rendered":"<p>Luter&aacute;nski, reformovan&iacute; a metodistick&iacute; far&aacute;ri a far&aacute;rky z cel&eacute;ho Rak&uacute;ska sa z&iacute;du v Mittersill&nbsp;(Salzburg) v \u010dase od 27. do 30. augusta 2012. T&eacute;mou predn&aacute;&scaron;ok , workshopov a diskusi&iacute; je &quot;Riskantn&eacute; liturgie &#8211; cirkev za m&uacute;rmi kostolov.&quot; Rozobera\u0165 sa bud&uacute; k&aacute;zne a modlitby pri nehod&aacute;ch, katastrof&aacute;ch, pri spomienkach na vojnov&eacute; obete a&nbsp;pod. V predpol&iacute; tohto zhroma\u017edenia &#8230; <a title=\"Zasadnutie far\u00e1rov\/iek Rak\u00faska\" class=\"read-more\" href=\"https:\/\/www.e-anjelik.sk\/index.php\/2012\/08\/22\/zasadnutie-fararoviek-rakuska\/\" aria-label=\"Pre\u010d\u00edtajte si viac o Zasadnutie far\u00e1rov\/iek Rak\u00faska\">\u010c\u00edta\u0165 viac<\/a><\/p>\n","protected":false},"author":22,"featured_media":0,"comment_status":"open","ping_status":"open","sticky":false,"template":"","format":"standard","meta":{"footnotes":""},"categories":[1],"tags":[234],"class_list":["post-4636","post","type-post","status-publish","format-standard","hentry","category-adventna-modlitba","tag-zdruzenia-a-skupiny"],"_links":{"self":[{"href":"https:\/\/www.e-anjelik.sk\/index.php\/wp-json\/wp\/v2\/posts\/4636","targetHints":{"allow":["GET"]}}],"collection":[{"href":"https:\/\/www.e-anjelik.sk\/index.php\/wp-json\/wp\/v2\/posts"}],"about":[{"href":"https:\/\/www.e-anjelik.sk\/index.php\/wp-json\/wp\/v2\/types\/post"}],"author":[{"embeddable":true,"href":"https:\/\/www.e-anjelik.sk\/index.php\/wp-json\/wp\/v2\/users\/22"}],"replies":[{"embeddable":true,"href":"https:\/\/www.e-anjelik.sk\/index.php\/wp-json\/wp\/v2\/comments?post=4636"}],"version-history":[{"count":0,"href":"https:\/\/www.e-anjelik.sk\/index.php\/wp-json\/wp\/v2\/posts\/4636\/revisions"}],"wp:attachment":[{"href":"https:\/\/www.e-anjelik.sk\/index.php\/wp-json\/wp\/v2\/media?parent=4636"}],"wp:term":[{"taxonomy":"category","embeddable":true,"href":"https:\/\/www.e-anjelik.sk\/index.php\/wp-json\/wp\/v2\/categories?post=4636"},{"taxonomy":"post_tag","embeddable":true,"href":"https:\/\/www.e-anjelik.sk\/index.php\/wp-json\/wp\/v2\/tags?post=4636"}],"curies":[{"name":"wp","href":"https:\/\/api.w.org\/{rel}","templated":true}]}}