{"id":4638,"date":"2012-08-23T08:15:38","date_gmt":"2012-08-23T08:15:38","guid":{"rendered":"http:\/\/e-anjelik.sk\/?p=4638"},"modified":"2012-08-23T08:15:38","modified_gmt":"2012-08-23T08:15:38","slug":"muzikal-mnich-martin-mal-premieru-v-erfurte-nemecko","status":"publish","type":"post","link":"https:\/\/www.e-anjelik.sk\/index.php\/2012\/08\/23\/muzikal-mnich-martin-mal-premieru-v-erfurte-nemecko\/","title":{"rendered":"Muzik\u00e1l &#8222;Mn\u00edch Martin&#8220; mal premi\u00e9ru v Erfurte, Nemecko"},"content":{"rendered":"<p>V sobotu 18. augusta t.r. bola v Erfurte dur&iacute;nska premi&eacute;ra muzik&aacute;lu &quot;Mn&iacute;ch Martin&quot;. Ide o pr&iacute;beh mn&iacute;cha a neskor&scaron;ieho reform&aacute;tora Martina Luthera, jeho diskusia s vtedaj&scaron;ou cirkvou, uverejnenie 95 v&yacute;poved&iacute; a preklad Biblike do nem\u010diny. Na predstaven&iacute; bolo asi 60 det&iacute; od 6 do 14 rokov. T&yacute;m sa nap\u013a\u0148a v&yacute;ro\u010dn&eacute; heslo &quot;Reform&aacute;cia a hudba&quot; v prirodzenom prostred&iacute; augustini&aacute;nskeho kl&aacute;&scaron;tora v Erfurte so zameran&iacute;m na deti a ml&aacute;de\u017e. Muzik&aacute;l mal premi&eacute;ru vlani na Kirchentagu v Dr&aacute;\u017e\u010fanoch.<\/p>\n<p>(<a href=\"http:\/\/www.ekmd.de\">www.ekmd.de<\/a>)<\/p>\n","protected":false},"excerpt":{"rendered":"<p>V sobotu 18. augusta t.r. bola v Erfurte dur&iacute;nska premi&eacute;ra muzik&aacute;lu &quot;Mn&iacute;ch Martin&quot;. Ide o pr&iacute;beh mn&iacute;cha a neskor&scaron;ieho reform&aacute;tora Martina Luthera, jeho diskusia s vtedaj&scaron;ou cirkvou, uverejnenie 95 v&yacute;poved&iacute; a preklad Biblike do nem\u010diny. Na predstaven&iacute; bolo asi 60 det&iacute; od 6 do 14 rokov. T&yacute;m sa nap\u013a\u0148a v&yacute;ro\u010dn&eacute; heslo &quot;Reform&aacute;cia a hudba&quot; v &#8230; <a title=\"Muzik\u00e1l &#8222;Mn\u00edch Martin&#8220; mal premi\u00e9ru v Erfurte, Nemecko\" class=\"read-more\" href=\"https:\/\/www.e-anjelik.sk\/index.php\/2012\/08\/23\/muzikal-mnich-martin-mal-premieru-v-erfurte-nemecko\/\" aria-label=\"Pre\u010d\u00edtajte si viac o Muzik\u00e1l &#8222;Mn\u00edch Martin&#8220; mal premi\u00e9ru v Erfurte, Nemecko\">\u010c\u00edta\u0165 viac<\/a><\/p>\n","protected":false},"author":22,"featured_media":0,"comment_status":"open","ping_status":"open","sticky":false,"template":"","format":"standard","meta":{"footnotes":""},"categories":[40],"tags":[278],"class_list":["post-4638","post","type-post","status-publish","format-standard","hentry","category-historia","tag-divadelne-hry-a-scenky"],"_links":{"self":[{"href":"https:\/\/www.e-anjelik.sk\/index.php\/wp-json\/wp\/v2\/posts\/4638","targetHints":{"allow":["GET"]}}],"collection":[{"href":"https:\/\/www.e-anjelik.sk\/index.php\/wp-json\/wp\/v2\/posts"}],"about":[{"href":"https:\/\/www.e-anjelik.sk\/index.php\/wp-json\/wp\/v2\/types\/post"}],"author":[{"embeddable":true,"href":"https:\/\/www.e-anjelik.sk\/index.php\/wp-json\/wp\/v2\/users\/22"}],"replies":[{"embeddable":true,"href":"https:\/\/www.e-anjelik.sk\/index.php\/wp-json\/wp\/v2\/comments?post=4638"}],"version-history":[{"count":0,"href":"https:\/\/www.e-anjelik.sk\/index.php\/wp-json\/wp\/v2\/posts\/4638\/revisions"}],"wp:attachment":[{"href":"https:\/\/www.e-anjelik.sk\/index.php\/wp-json\/wp\/v2\/media?parent=4638"}],"wp:term":[{"taxonomy":"category","embeddable":true,"href":"https:\/\/www.e-anjelik.sk\/index.php\/wp-json\/wp\/v2\/categories?post=4638"},{"taxonomy":"post_tag","embeddable":true,"href":"https:\/\/www.e-anjelik.sk\/index.php\/wp-json\/wp\/v2\/tags?post=4638"}],"curies":[{"name":"wp","href":"https:\/\/api.w.org\/{rel}","templated":true}]}}