{"id":4646,"date":"2012-08-26T15:09:05","date_gmt":"2012-08-26T15:09:05","guid":{"rendered":"http:\/\/e-anjelik.sk\/?p=4646"},"modified":"2012-08-26T15:09:05","modified_gmt":"2012-08-26T15:09:05","slug":"striebra-zlata-nemam","status":"publish","type":"post","link":"https:\/\/www.e-anjelik.sk\/index.php\/2012\/08\/26\/striebra-zlata-nemam\/","title":{"rendered":"Striebra, zlata nem\u00e1m&#8230;"},"content":{"rendered":"<p>&nbsp;<span style=\"font-family: Helvetica; font-size: 16px; line-height: normal; \" class=\"Apple-style-span\"><b><i>&nbsp; &nbsp; &nbsp; &nbsp; &nbsp; &nbsp; &nbsp; &nbsp; &nbsp; &nbsp; &nbsp; &nbsp; &nbsp; &nbsp; &nbsp; &nbsp; &nbsp; &nbsp; &nbsp;Striebra, zlata nem&aacute;m&#8230;<\/i><\/b><\/span><\/p>\n<p style=\"margin: 0.0px 0.0px 0.0px 0.0px; font: 16.0px Helvetica\"><span style=\"letter-spacing: 0.0px\"><b><i>Sk 3, 1 -10:<\/i><\/b><\/span><\/p>\n<p style=\"margin: 0.0px 0.0px 0.0px 0.0px; font: 16.0px Helvetica\"><span style=\"letter-spacing: 0.0px\"><i>&ldquo; V modlitebn&uacute; hodinu o tretej popoludn&iacute; vystupovali Peter a J&aacute;n do chr&aacute;mu. (2) Pr&aacute;ve priniesli mu\u017ea, chrom&eacute;ho od narodenia, ktor&eacute;ho ka\u017ed&yacute; de\u0148 kl&aacute;dli ku chr&aacute;mov&yacute;m dver&aacute;m, takzvan&yacute;m Kr&aacute;snym, aby si p&yacute;tal almu\u017enu od t&yacute;ch, \u010do vch&aacute;dzali do chr&aacute;mu. (3) A ten, ke\u010f videl Petra a J&aacute;na vstupova\u0165 do chr&aacute;mu, prosil si od nich almu\u017enu. (4) Peter a J&aacute;n zah\u013eadeli sa uprene na neho a povedali: Pozri na n&aacute;s! (5) I pod&iacute;val sa pozorne na nich, lebo &uacute;fal, \u017ee dostane nie\u010do od nich. (6) I povedal mu Peter: Striebra, zlata nem&aacute;m, ale \u010do m&aacute;m, to ti d&aacute;vam: V mene Je\u017ei&scaron;a Krista Nazaretsk&eacute;ho vsta\u0148 a cho\u010f!&nbsp; (7)Nato chytil ho za prav&uacute; ruku a zodvihol. A hne\u010f zmocneli mu nohy a k\u013aby, (8) tak\u017ee vysko\u010dil, postavil sa na nohy, chodil&nbsp; a vo&scaron;iel s nimi do chr&aacute;mu, chodil poskakuj&uacute;c a chv&aacute;liac Boha. (9) A v&scaron;etok \u013eud videl, ako chod&iacute; a chv&aacute;li Boha. (10) I poznali ho, \u017ee je to ten, \u010do sed&aacute;val pri Kr&aacute;snych dver&aacute;ch chr&aacute;mov&yacute;ch a prosieval o almu\u017enu; a zachv&aacute;til v&scaron;etk&yacute;ch &uacute;des a vytr\u017eenie nad t&yacute;m, \u010do sa s n&iacute;m stalo. Amen<\/i><\/span><\/p>\n<p style=\"margin: 0.0px 0.0px 0.0px 0.0px; font: 16.0px Helvetica; min-height: 19.0px\">&nbsp;<\/p>\n<p style=\"margin: 0.0px 0.0px 0.0px 0.0px; font: 16.0px Helvetica; min-height: 19.0px\">&nbsp;<\/p>\n<p style=\"margin: 0.0px 0.0px 0.0px 0.0px; font: 16.0px Helvetica\"><span style=\"letter-spacing: 0.0px\"><i>&nbsp;&nbsp; &nbsp; &nbsp; Bratia a sestry v Kristu!<\/i><\/span><\/p>\n<p style=\"margin: 0.0px 0.0px 0.0px 0.0px; font: 16.0px Helvetica; min-height: 19.0px\"><span style=\"letter-spacing: 0.0px\"><i>&nbsp;<\/i><\/span><\/p>\n<p style=\"margin: 0.0px 0.0px 0.0px 0.0px; font: 16.0px Helvetica\"><span style=\"letter-spacing: 0.0px\">&nbsp; &nbsp; &nbsp; &nbsp; <b>Pred 830 rokm<\/b>i sa narodil<b> Franti&scaron;ek z Assisi, <\/b>v&yacute;znamn&aacute; postava kres\u0165anskej cirkvi. Poch&aacute;dzal z bohatej rodiny, ale otcovsk&eacute;ho majetku sa vzdal a venoval sa chudobn&yacute;m a chor&yacute;m \u013eu\u010fom. Hl&aacute;sal z&aacute;sadu apo&scaron;tolskej chudoby cirkvi. V tom \u010dase st&aacute;l na \u010dele z&aacute;padnej r&iacute;mskej cirkvi v&yacute;zmnamn&yacute; p&aacute;pe\u017e Inocent III. \u010c&iacute;tal som kdesi o ich vz&aacute;jomnom stretnut&iacute; v R&iacute;me. P&aacute;pe\u017e sa chv&aacute;lil bohatstvom cirkvi a hovoril: &rdquo;Vid&iacute;&scaron;, ja u\u017e nemus&iacute;m poveda\u0165 s Petrom:<i> &ldquo;Striebra a zlata nem&aacute;m!.<\/i>..&rdquo; Franti&scaron;ek smelo odpovedal: <i>&ldquo;Ale ani nem&ocirc;\u017ee&scaron; poveda\u0165 chrom&eacute;mu: V mene Je\u017ei&scaron;a Krista , vsta\u0148 a cho\u010f&rdquo;.&nbsp;<\/i><\/span><\/p>\n<p style=\"margin: 0.0px 0.0px 0.0px 0.0px; font: 16.0px Helvetica\"><span style=\"letter-spacing: 0.0px\"><i>&nbsp; &nbsp; <\/i>V dne&scaron;nom svete v&scaron;ak nielen cirkvi, ale aj ve\u013ek&eacute; a v&yacute;znamn&eacute; &scaron;t&aacute;ty hovor&iacute;: <i>striebra a zlata nem&aacute;m&#8230;<\/i> Vieme o mnoh&yacute;ch potreb&aacute;ch&nbsp; a probl&eacute;moch \u013eud&iacute; i spolo\u010dnost&iacute;, ale vl&aacute;dy, rezortn&eacute; ministerstv&aacute; a ministri financi&iacute;&iacute; opakuj&uacute; Petrove slov&aacute;, akoby poznali P&iacute;smo: <i>&rdquo;Striebra a zlata nem&aacute;m !&rdquo;<\/i>.&nbsp; Peniaze ch&yacute;baj&uacute; obciam i r&ocirc;znym dobro\u010dinn&yacute;m a charitat&iacute;vnym organiz&aacute;ciam, na&scaron;u cirkev nevyn&iacute;maj&uacute;c. &#8211; A aby toho nebolo dos\u0165- e&scaron;te aj na&scaron;i slovensk&iacute; olympionici po n&aacute;vrate z Lond&yacute;na, z olympijsk&yacute;ch hier, museli poveda\u0165 &#8211; &ldquo;Striebra a zlata nem&aacute;m&#8230;&rdquo; &#8211; a my s &uacute;smevom doklad&aacute;me: te&scaron;&iacute;me sa aj z bronzu&#8230;<\/span><\/p>\n<p style=\"margin: 0.0px 0.0px 0.0px 0.0px; font: 16.0px Helvetica; min-height: 19.0px\">&nbsp;<\/p>\n<p style=\"margin: 0.0px 0.0px 0.0px 0.0px; font: 16.0px Helvetica\"><span style=\"letter-spacing: 0.0px\">&nbsp; &nbsp; &nbsp; Len\u017ee apo&scaron;tolovia<b> Peter a J&aacute;n<\/b> s&iacute;ce povedali chrom&eacute;mu od narodenia, ktor&yacute; bol 40 rokov odk&aacute;zan&yacute; na almu\u017eny: &ldquo;<i>Striebra a zlata nem&aacute;m&rdquo; &#8211;<\/i> ale Peter dolo\u017eil aj nie\u010do in&eacute;, nie menej v&yacute;znamn&eacute; a d&ocirc;le\u017eit&eacute; slovo: &#8211;<i>&rdquo;ale \u010do m&aacute;m, to ti d&aacute;vam: v mene Je\u017ei&scaron;a Krista Nazaretsk&eacute;ho vsta\u0148 a cho\u010f&nbsp; !&rdquo;. &#8211; &ldquo;Nato chytil ho za prav&uacute; ruku a zodvihol . A hne\u010f zmocneli mu nohy a k\u013aby, tak\u017ee vysko\u010dil, postavil sa na nohy a chodil.&rdquo;<\/i>&nbsp;<\/span><\/p>\n<p style=\"margin: 0.0px 0.0px 0.0px 0.0px; font: 16.0px Helvetica\"><span style=\"letter-spacing: 0.0px\">&nbsp; &nbsp; &nbsp; Bol chrom&yacute; od narodenia a 40 rokov svojho \u017eivota \u010fakoval iba r&ocirc;znym dobrodincom, prich&aacute;dzaj&uacute;cim do chr&aacute;mu modli\u0165 sa za milodary. ( Sk 4, 22) V ten de\u0148 sa jeho \u017eivot zmenil. Prestal by\u0165 odk&aacute;zan&yacute; na dobrotu a milosrdenstvo \u013eud&iacute; a za\u010dal \u017ei\u0165 nov&yacute; \u017eivot.&nbsp; Spoznal Bo\u017eie milosrdenstvo. Na&scaron;iel d&ocirc;vod chv&aacute;li\u0165 Boha a \u010fakova\u0165 Mu spolu s mnoh&yacute;mi in&yacute;mi, zdrav&yacute;mi a &uacute;spe&scaron;n&yacute;mi. Nesk&ocirc;r sa uk&aacute;zalo, \u017ee za\u010dal chv&aacute;li\u0165 Boha<b> nielen za dar uzdravenia tela, ale aj svojej du&scaron;e,<\/b> preto\u017ee sa pridr\u017eiaval Petra a J&aacute;na a ostatn&yacute;ch, ktor&iacute; spoznali Boha v Je\u017ei&scaron;ovi z Nazareta. Ktor&iacute; toto meno vz&yacute;vali a v toto meno d&uacute;fali vo v&scaron;ekt&yacute;ch svojich potreb&aacute;ch \u017eivota, ba i v smrti.&nbsp;<\/span><\/p>\n<p style=\"margin: 0.0px 0.0px 0.0px 0.0px; font: 16.0px Helvetica; min-height: 19.0px\"><span style=\"letter-spacing: 0.0px\">&nbsp; &nbsp; &nbsp; &nbsp;<\/span><\/p>\n<p style=\"margin: 0.0px 0.0px 0.0px 0.0px; font: 16.0px Helvetica\"><span style=\"letter-spacing: 0.0px\">Je pravdou, \u017ee dnes <b>iba niektor<\/b>&iacute; kres\u0165ania na svete maj&uacute; moc od P&aacute;na Je\u017ei&scaron;a a dok&aacute;\u017eu lie\u010di\u0165 telesn&eacute; neduhy a uzdravova\u0165 \u013eud&iacute;. Kde sa tak deje, je to dar Bo\u017eej milosti. Charizma dan&aacute; zhora od P&aacute;na, ktor&uacute; si nem&ocirc;\u017ee nikto s&aacute;m vzia\u0165. Sp&uacute;sty \u013eud&iacute; by aj dnes uv&iacute;tali&nbsp; &scaron;irok&eacute; uplatnenie tejto charizmy u kres\u0165anov a iste by sa pote&scaron;ilo aj cel&eacute; na&scaron;e zdravotn&iacute;ctvo a syst&eacute;m soci&aacute;nych slu\u017eieb, ak by dne&scaron;n&iacute; kres\u0165ania tak&yacute;mto darom disponovali. &nbsp;<\/span><\/p>\n<p style=\"margin: 0.0px 0.0px 0.0px 0.0px; font: 16.0px Helvetica; min-height: 19.0px\"><span style=\"letter-spacing: 0.0px\">&nbsp;&nbsp; &nbsp; &nbsp;<\/span><\/p>\n<p style=\"margin: 0.0px 0.0px 0.0px 0.0px; font: 16.0px Helvetica\"><span style=\"letter-spacing: 0.0px\">&nbsp;&nbsp; &nbsp; &nbsp; Mil&iacute; bratia a sestry,&nbsp;<\/span><\/p>\n<p style=\"margin: 0.0px 0.0px 0.0px 0.0px; font: 16.0px Helvetica\"><span style=\"letter-spacing: 0.0px\">&nbsp;&nbsp; &nbsp; &nbsp; osobne ma zaujala jedna zdanliv&aacute; drobnos\u0165 z dne&scaron;n&eacute;ho svedectva Skutkov apo&scaron;tolsk&yacute;ch. Toti\u017e postoj oboch apo&scaron;tolov, ktor&iacute; hovoria, \u017ee konaj&uacute; v mene P&aacute;na Je\u017ei&scaron;a Krista a nesk&ocirc;r svorne zd&ocirc;raz\u0148uj&uacute;, \u017ee oni sami si t&uacute; t&uacute; moc nedali, ani nie je z nich.<i> &ldquo;\u010co h\u013ead&iacute;te na n&aacute;s tak uprene, akoby sme svojou silou alebo zbo\u017enos\u0165ou boli sp&ocirc;sobili, \u017ee chod&iacute;? ( Sk 3, 12) <\/i>Zauj&iacute;mav&yacute; je toti\u017e ich misijn&yacute; sp&ocirc;sob a &scaron;t&yacute;l pr&aacute;ce! \u010cakali by sme, \u017ee apo&scaron;tolovia bud&uacute; apelova\u0165 na uzdraven&eacute;ho chrom&eacute;ho \u010dloveka, \u010do m&aacute; teraz urobi\u0165! \u017de bud&uacute; zd&ocirc;zar\u0148ova\u0165, koho m&aacute; chv&aacute;li\u0165 a vz&yacute;va\u0165. Pripom&iacute;na\u0165, \u017ee mal by za\u010da\u0165 po\u010d&uacute;va\u0165 k&aacute;zanie o Je\u017ei&scaron;ovi Nazaretskom. Oni v&scaron;ak hovoria iba: <i>&ldquo;Vsta\u0148 a cho\u010f !&rdquo;.<\/i> Uzdraven&yacute; chrom&yacute; dostal dar telesn&eacute;ho zdravia spolu s darom pravej kres\u0165anskej slobody. <i>&ldquo;Vsta\u0148 a cho\u010f&rdquo;<\/i>! &#8211; hovoria apo&scaron;tolovia a nevia\u017eu ho na seba, ani na svoje spolo\u010denstvo do ktor&eacute;ho patrili a do ktor&eacute;ho smerovali! Nevnucuj&uacute; mu svoju vieru. Iba ozn&aacute;mili, v koho mene konali a dolo\u017eili: &ldquo;Vsta\u0148 a cho\u010f!&rdquo; Je pravda, \u017ee jeho prv&eacute; vlastn&eacute; kroky smerovali do chr&aacute;mu k dobrore\u010deniu a oslave Boha. (v.8) Viacer&iacute; dne&scaron;n&iacute; evanjeliz&aacute;tori a mision&aacute;ri robia \u010dasto prav&yacute; opak. Posluch&aacute;\u010dom, pr&iacute;padne telesne, alebo duchovne uzdraven&yacute;m zd&ocirc;raz\u0148uj&uacute;:&nbsp; &ldquo;<i>Uver a pod&rsquo; do n&aacute;&scaron;ho spolo\u010denstva!&nbsp; <\/i>Po\u010f sa s nami modli\u0165 a s nami aj zosta\u0148 !&rdquo; Peter a J&aacute;n v&scaron;ak hovoria napriek tomu, \u017ee dali chrom&eacute;mu mu\u017eovi v&yacute;znamn&yacute; dar zdravia: &ldquo;<i>Vsta\u0148 a cho\u010f&rdquo;! Nen&uacute;tia uzdraven&eacute;ho k viere.<\/i><\/span><\/p>\n<p style=\"margin: 0.0px 0.0px 0.0px 0.0px; font: 16.0px Helvetica\"><span style=\"letter-spacing: 0.0px\"><i>&nbsp;&nbsp; &nbsp; &nbsp; <\/i>Je inou vecou, \u017ee sa ich cesty e&scaron;te stretli. Tie\u017e to, \u017ee pr&aacute;ve cez tento skutok uzdravenia <b>mnoh&iacute; in&iacute; uverili v meno Je\u017ei&scaron;a Krista, Syna Bo\u017eieho a Spasite\u013ea sveta.<\/b> Na za\u010diatku mnoh&yacute;ch naplnil <i>&ldquo;&uacute;des a vytr\u017eenie nad t&yacute;m,&nbsp; \u010do sa stalo&rdquo;<\/i>, ale po k&aacute;zni, ktor&uacute;&nbsp; Peter povedal \u013eudu vzr&aacute;stol po\u010det kres\u0165anov v Jeruzaleme na<\/span> <span style=\"letter-spacing: 0.0px\">5 000 mu\u017eov! ( (Sk 4, 4)<\/span><\/p>\n<p style=\"margin: 0.0px 0.0px 0.0px 0.0px; font: 16.0px Helvetica; min-height: 19.0px\">&nbsp;<\/p>\n<p style=\"margin: 0.0px 0.0px 0.0px 0.0px; font: 16.0px Helvetica\"><span style=\"letter-spacing: 0.0px\">&nbsp;&nbsp; &nbsp; &nbsp; Mil&iacute; bratia a sestry!&nbsp;<\/span><\/p>\n<p style=\"margin: 0.0px 0.0px 0.0px 0.0px; font: 16.0px Helvetica\"><span style=\"letter-spacing: 0.0px\">&nbsp;&nbsp; &nbsp; &nbsp; Nie v&scaron;etk&yacute;m chor&yacute;m, n&uacute;dznym a soci&aacute;lne slab&yacute;m m&ocirc;\u017eeme my sami, alebo ako spolo\u010denstvo cirkvi pom&ocirc;c\u0165. Mysl&iacute;m na pomoc, o ktor&uacute; najsk&ocirc;r \u017eiadal aj onen chrom&yacute; mu\u017e &#8211; pomoc materi&aacute;lnu a finan\u010dn&uacute;. \u010casto sme v &uacute;zkych a prichod&iacute; n&aacute;m poveda\u0165: &ldquo;Striebra, zlata nem&aacute;m&rdquo;&#8230;<\/span><\/p>\n<p style=\"margin: 0.0px 0.0px 0.0px 0.0px; font: 16.0px Helvetica; min-height: 19.0px\"><span style=\"letter-spacing: 0.0px\">&nbsp;&nbsp; &nbsp; &nbsp;<\/span><\/p>\n<p style=\"margin: 0.0px 0.0px 0.0px 0.0px; font: 16.0px Helvetica\"><span style=\"letter-spacing: 0.0px\"><b>D&ocirc;le\u017eit&eacute; je v&scaron;ak aj to \u010fal&scaron;ie:<\/b> \u010di sme pripraven&iacute; prin&aacute;&scaron;a\u0165 zves\u0165&nbsp; evanjelia Je\u017ei&scaron;a Krista a ponuku sp&aacute;sy a ve\u010dn&eacute;ho \u017eivota dne&scaron;n&yacute;m \u013eu\u010fom. Mnoh&iacute; maj&uacute; viac ako my, in&iacute; zase menej &#8211; ale v&scaron;etci rovnako potrebuj&uacute; a potrebujeme zves\u0165 evanjelia. Svedectvo, zveren&eacute; apo&scaron;tolom a celej cirkvi, \u017ee Je\u017ei&scaron; je&nbsp; &#8211; ako nesk&ocirc;r Peter vyznal: <b>&ldquo;Vodca \u017eivota, ktor&eacute;ho Boh vzkriesil z m\u0155tvych&rdquo;<\/b>.(Sk 3, 15)&nbsp; &nbsp;<\/span><\/p>\n<p style=\"margin: 0.0px 0.0px 0.0px 0.0px; font: 16.0px Helvetica; min-height: 19.0px\">&nbsp;<\/p>\n<p style=\"margin: 0.0px 0.0px 0.0px 0.0px; font: 16.0px Helvetica\"><span style=\"letter-spacing: 0.0px\">&nbsp;&nbsp; Mnoho \u013eud&iacute; je dnes nielen telesne postihnut&yacute;ch, nevl&aacute;dnych oprie\u0165 sa na vlastn&eacute; nohy, ktor&iacute; Boha nechv&aacute;lia. Ale s&uacute; mnoh&iacute;, ktor&iacute; s&uacute; s&iacute;ce telesne zdrav&iacute;, ale Bohu za dar zdravia a chleba<b> ka\u017edodenn&eacute;ho ne\u010fakuj&uacute;. Nemodlia sa<\/b>, ani nespievaj&uacute; Bohu na chv&aacute;lu a \u010des\u0165. Kres\u0165ania im maj&uacute; da\u0165 dobr&yacute; pr&iacute;klad&#8230;.<\/span><\/p>\n<p style=\"margin: 0.0px 0.0px 0.0px 0.0px; font: 16.0px Helvetica\"><span style=\"letter-spacing: 0.0px\">&nbsp;A s&uacute; zase mnoh&iacute; <b>&ldquo;chrom&iacute; duchovne&rdquo;,<\/b> &#8211; toti\u017e s&uacute; neschopn&iacute; kr&aacute;\u010da\u0165 spr&aacute;vnym smerom na ceste \u017eivota.&nbsp; Mnoh&iacute; s&uacute; neschopn&iacute;&nbsp; a neochotn&iacute; pom&aacute;ha\u0165 t&yacute;m, ktor&iacute; potrebuj&uacute;, aby ich niekto na krat&scaron;iu, \u010di dlh&scaron;iu chv&iacute;\u013eu podoprel. Mo\u017eno, aby kr&aacute;\u010dal s nimi v ich sm&uacute;tku, alebo v ich samote.<\/span><\/p>\n<p style=\"margin: 0.0px 0.0px 0.0px 0.0px; font: 16.0px Helvetica; min-height: 19.0px\">&nbsp;<\/p>\n<p style=\"margin: 0.0px 0.0px 0.0px 0.0px; font: 16.0px Helvetica\"><span style=\"letter-spacing: 0.0px\">&nbsp; &nbsp; To, \u010do je pre v&scaron;ek&yacute;ch n&aacute;s: zdrav&yacute;ch, alebo viac \u010di menej chor&yacute;ch rovnako d&ocirc;le\u017eit&eacute;, je poznanie tej pravdy, ktor&uacute; apo&scaron;tolovia nezaml\u010dali ani pred \u017didmi, ani pred ve\u013e\u0148azmi alebo saducejmi.<\/span><\/p>\n<p style=\"margin: 0.0px 0.0px 0.0px 0.0px; font: 16.0px Helvetica\"><span style=\"letter-spacing: 0.0px\"><i>&ldquo;Preto kajajte sa, aby v&aacute;m boli zahladen&eacute; hriechy, pri&scaron;li v&aacute;m \u010dasy duchovn&eacute;ho osvie\u017eenia od P&aacute;na a aby v&aacute;m poslal predur\u010den&eacute;ho Krista Je\u017ei&scaron;a&rdquo;. ( Sk 3,19- 20)<\/i> .<i> &ldquo;Predov&scaron;etk&yacute;m v&aacute;m teda vzkriesil Boh svojho Slu\u017eobn&iacute;ka a poslal Ho, aby v&aacute;s po\u017eehnal t&yacute;m, \u017ee v&aacute;s v&scaron;etk&yacute;ch odvr&aacute;ti od va&scaron;ich nepr&aacute;vost&iacute;&rdquo;. Sk 3, 20)<\/i><\/span><\/p>\n<p style=\"margin: 0.0px 0.0px 0.0px 0.0px; font: 16.0px Helvetica\"><span style=\"letter-spacing: 0.0px\"><i>&nbsp;&nbsp; &nbsp; <\/i>\u010co teda m&ocirc;\u017eeme, to konajme.<b> Na&scaron;im bl&iacute;\u017enym prin&aacute;&scaron;ajme svedectvo viery v ka\u017edodennom dobrore\u010den&iacute; Bohu a zves\u0165 evanjelia Je\u017ei&scaron;a Krista. <\/b>Amen<\/span><\/p>\n<p style=\"margin: 0.0px 0.0px 0.0px 0.0px; font: 16.0px Helvetica; min-height: 19.0px\">&nbsp;<\/p>\n<p style=\"margin: 0.0px 0.0px 0.0px 0.0px; font: 12.0px Helvetica\"><span style=\"font: 16.0px Helvetica; letter-spacing: 0.0px\">&nbsp;&nbsp; &nbsp; &nbsp; &nbsp; &nbsp; <\/span><span style=\"letter-spacing: 0.0px\">&nbsp; &nbsp; &nbsp; &nbsp; &nbsp;12. nede\u013ea po Sv. Trojici 2O12- Rovensko, Soboti&scaron;te-&nbsp; \u013d.Batka st.<\/span><\/p>\n<div><span style=\"letter-spacing: 0.0px\"><br \/>\n<\/span><\/div>\n","protected":false},"excerpt":{"rendered":"<p>&nbsp;&nbsp; &nbsp; &nbsp; &nbsp; &nbsp; &nbsp; &nbsp; &nbsp; &nbsp; &nbsp; &nbsp; &nbsp; &nbsp; &nbsp; &nbsp; &nbsp; &nbsp; &nbsp; &nbsp;Striebra, zlata nem&aacute;m&#8230; Sk 3, 1 -10: &ldquo; V modlitebn&uacute; hodinu o tretej popoludn&iacute; vystupovali Peter a J&aacute;n do chr&aacute;mu. (2) Pr&aacute;ve priniesli mu\u017ea, chrom&eacute;ho od narodenia, ktor&eacute;ho ka\u017ed&yacute; de\u0148 kl&aacute;dli ku chr&aacute;mov&yacute;m dver&aacute;m, takzvan&yacute;m Kr&aacute;snym, aby &#8230; <a title=\"Striebra, zlata nem\u00e1m&#8230;\" class=\"read-more\" href=\"https:\/\/www.e-anjelik.sk\/index.php\/2012\/08\/26\/striebra-zlata-nemam\/\" aria-label=\"Pre\u010d\u00edtajte si viac o Striebra, zlata nem\u00e1m&#8230;\">\u010c\u00edta\u0165 viac<\/a><\/p>\n","protected":false},"author":4,"featured_media":0,"comment_status":"open","ping_status":"open","sticky":false,"template":"","format":"standard","meta":{"footnotes":""},"categories":[119,121,95],"tags":[192],"class_list":["post-4646","post","type-post","status-publish","format-standard","hentry","category-obdobie-po-sv-trojici","category-kazne","category-sobotiste","tag-kazen"],"_links":{"self":[{"href":"https:\/\/www.e-anjelik.sk\/index.php\/wp-json\/wp\/v2\/posts\/4646","targetHints":{"allow":["GET"]}}],"collection":[{"href":"https:\/\/www.e-anjelik.sk\/index.php\/wp-json\/wp\/v2\/posts"}],"about":[{"href":"https:\/\/www.e-anjelik.sk\/index.php\/wp-json\/wp\/v2\/types\/post"}],"author":[{"embeddable":true,"href":"https:\/\/www.e-anjelik.sk\/index.php\/wp-json\/wp\/v2\/users\/4"}],"replies":[{"embeddable":true,"href":"https:\/\/www.e-anjelik.sk\/index.php\/wp-json\/wp\/v2\/comments?post=4646"}],"version-history":[{"count":0,"href":"https:\/\/www.e-anjelik.sk\/index.php\/wp-json\/wp\/v2\/posts\/4646\/revisions"}],"wp:attachment":[{"href":"https:\/\/www.e-anjelik.sk\/index.php\/wp-json\/wp\/v2\/media?parent=4646"}],"wp:term":[{"taxonomy":"category","embeddable":true,"href":"https:\/\/www.e-anjelik.sk\/index.php\/wp-json\/wp\/v2\/categories?post=4646"},{"taxonomy":"post_tag","embeddable":true,"href":"https:\/\/www.e-anjelik.sk\/index.php\/wp-json\/wp\/v2\/tags?post=4646"}],"curies":[{"name":"wp","href":"https:\/\/api.w.org\/{rel}","templated":true}]}}