{"id":4652,"date":"2012-08-29T06:44:26","date_gmt":"2012-08-29T06:44:26","guid":{"rendered":"http:\/\/e-anjelik.sk\/?p=4652"},"modified":"2012-08-29T06:44:26","modified_gmt":"2012-08-29T06:44:26","slug":"29-august","status":"publish","type":"post","link":"https:\/\/www.e-anjelik.sk\/index.php\/2012\/08\/29\/29-august\/","title":{"rendered":"29. AUGUST"},"content":{"rendered":"<p>                              29.AUGUST<\/p>\n<p>V tiesni som vz\u00fdval Hospodina.<\/p>\n<p>                                                                     \u017dalm 1118, 5<\/p>\n<p>      To znamen\u00e1: Ja som volal Hospodina. Vola\u0165 sa mus\u00ed\u0161 nau\u010di\u0165, po\u010d\u00favni teda, no neposed\u00e1vaj osamote alebo nepolihuj na lavi\u010dke, neve\u0161aj a nekr\u00fa\u0165 hlavou a svojimi my\u0161lienkami sa nezjedaj a nezo\u017eieraj, nestaraj sa a neh\u013eadaj  len to, ako sa z toho v\u0161etk\u00e9ho dosta\u0165, a nesna\u017e sa nevidie\u0165 ni\u010d in\u00e9, ne\u017e to,  ako sa ti zle vod\u00ed, ako si na tom bezn\u00e1dejne, ak\u00fd si mizern\u00fd \u010dlovek. Le\u017e vzmu\u017e sa, ty zradn\u00e1 \u0161elma!<\/p>\n<p>Ta sa na kolen\u00e1, o\u010di i ruky pozdvihni k nebesiam, predlo\u017e si niektor\u00fd \u017ealm alebo Ot\u010den\u00e1\u0161, a svoju tia\u017e predostri so slzami pred Boha, volaj\u00fac v \u017eiali vytrvalo. Tak si praje Boh, aby si mu svoju n\u00fadzu predlo\u017eil, nenech\u00e1val sa \u0148ou za\u0165a\u017eova\u0165 a s\u00e1m sa s \u0148ou \u0165aha\u0165, zhr\u00fdza\u0165 a tr\u00e1pi\u0165, \u010d\u00edm si z jedn\u00e9ho ne\u0161\u0165astia sp\u00f4sobuje\u0161 dve, desa\u0165 a sto.<\/p>\n<p>              Martin Luther. Smerovn\u00edk kres\u0165anskej cesty<\/p>\n","protected":false},"excerpt":{"rendered":"<p>29.AUGUST V tiesni som vz\u00fdval Hospodina. \u017dalm 1118, 5 To znamen\u00e1: Ja som volal Hospodina. Vola\u0165 sa mus\u00ed\u0161 nau\u010di\u0165, po\u010d\u00favni teda, no neposed\u00e1vaj osamote alebo nepolihuj na lavi\u010dke, neve\u0161aj a nekr\u00fa\u0165 hlavou a svojimi my\u0161lienkami sa nezjedaj a nezo\u017eieraj, nestaraj sa a neh\u013eadaj len to, ako sa z toho v\u0161etk\u00e9ho dosta\u0165, a nesna\u017e sa nevidie\u0165 &#8230; <a title=\"29. AUGUST\" class=\"read-more\" href=\"https:\/\/www.e-anjelik.sk\/index.php\/2012\/08\/29\/29-august\/\" aria-label=\"Pre\u010d\u00edtajte si viac o 29. AUGUST\">\u010c\u00edta\u0165 viac<\/a><\/p>\n","protected":false},"author":4,"featured_media":0,"comment_status":"open","ping_status":"open","sticky":false,"template":"","format":"standard","meta":{"footnotes":""},"categories":[1],"tags":[],"class_list":["post-4652","post","type-post","status-publish","format-standard","hentry","category-adventna-modlitba"],"_links":{"self":[{"href":"https:\/\/www.e-anjelik.sk\/index.php\/wp-json\/wp\/v2\/posts\/4652","targetHints":{"allow":["GET"]}}],"collection":[{"href":"https:\/\/www.e-anjelik.sk\/index.php\/wp-json\/wp\/v2\/posts"}],"about":[{"href":"https:\/\/www.e-anjelik.sk\/index.php\/wp-json\/wp\/v2\/types\/post"}],"author":[{"embeddable":true,"href":"https:\/\/www.e-anjelik.sk\/index.php\/wp-json\/wp\/v2\/users\/4"}],"replies":[{"embeddable":true,"href":"https:\/\/www.e-anjelik.sk\/index.php\/wp-json\/wp\/v2\/comments?post=4652"}],"version-history":[{"count":0,"href":"https:\/\/www.e-anjelik.sk\/index.php\/wp-json\/wp\/v2\/posts\/4652\/revisions"}],"wp:attachment":[{"href":"https:\/\/www.e-anjelik.sk\/index.php\/wp-json\/wp\/v2\/media?parent=4652"}],"wp:term":[{"taxonomy":"category","embeddable":true,"href":"https:\/\/www.e-anjelik.sk\/index.php\/wp-json\/wp\/v2\/categories?post=4652"},{"taxonomy":"post_tag","embeddable":true,"href":"https:\/\/www.e-anjelik.sk\/index.php\/wp-json\/wp\/v2\/tags?post=4652"}],"curies":[{"name":"wp","href":"https:\/\/api.w.org\/{rel}","templated":true}]}}