{"id":4656,"date":"2012-09-01T08:55:15","date_gmt":"2012-09-01T08:55:15","guid":{"rendered":"http:\/\/e-anjelik.sk\/?p=4656"},"modified":"2012-09-01T08:55:15","modified_gmt":"2012-09-01T08:55:15","slug":"o-buducnosti-madarskych-protestantov-v-zapadnej-europe","status":"publish","type":"post","link":"https:\/\/www.e-anjelik.sk\/index.php\/2012\/09\/01\/o-buducnosti-madarskych-protestantov-v-zapadnej-europe\/","title":{"rendered":"O bud\u00facnosti ma\u010farsk\u00fdch protestantov v Z\u00e1padnej Eur\u00f3pe"},"content":{"rendered":"<p>V konferen\u010dnom stredisku Ev. cirkvi v MR v R&eacute;vfueloepe sa v d\u0148och 31. augusta a\u017e 2. septembra t.r. kon&aacute; zasadnutie predsedn&iacute;ctiev ma\u010f.protestantsk&yacute;ch cirkevn&yacute;ch zborov v Z&aacute;padnej Eur&oacute;pe. Toto podujatie za&scaron;t&iacute;tili ved&uacute;ci dom&aacute;cich matersk&yacute;ch cirkv&iacute; : za Ref. cirkev biskup Guszt&aacute;v Boelcskei a za Ev. cirkev biskup Tam&aacute;s Fab&iacute;ny. Na zasadnut&iacute; sa preberali ot&aacute;zky duchovn&eacute;ho zabezpe\u010denia t&yacute;chto cirkevn&yacute;ch zborov v materinskom ma\u010f. jazyku. Zbory boli zalo\u017een&eacute; v minulosti, v s&uacute;\u010dasnosti sa zaznamen&aacute;va st&aacute;le v&auml;\u010d&scaron;&iacute; po\u010det mlad&yacute;ch vys\u0165ahovalcov do Eur&oacute;py za pr&aacute;cou. T&yacute;m vznik&aacute; aj potreba, ako rie&scaron;i\u0165 ot&aacute;zku duchovn&yacute;ch.Zria\u010fova\u0165 trval&eacute; miesta pre duchovn&yacute;ch je finan\u010dne ne&uacute;nosn&eacute;. Najlep&scaron;&iacute;m rie&scaron;en&iacute;m sa zd&aacute; by\u0165 dohoda s tamoj&scaron;&iacute;mi krajinsk&yacute;mi cirkvami a vysiela\u0165 z Ma\u010farska na slu\u017ebu jednotlivo duchovn&yacute;ch. Z&aacute;ver v nede\u013eu bud&uacute; tvori\u0165 ekumenick&eacute; slu\u017eby Bo\u017eie s &uacute;\u010das\u0165ou 50 z&aacute;stupcov 30 zahrani\u010dn&yacute;ch cirkevn&yacute;ch zborov.<\/p>\n<p>Pozn. O veriacich a zbory ma\u010f. jazyka v tzv. Karpatskej kotline sa obe cirkvi postarali osobitn&yacute;mi dohodami ,\u010di ich vtelen&iacute;m do materskej cirkvi, napr. Reformovan&aacute; cirkev Ma\u010farska. Ako je postaran&eacute; o slovensk&yacute;ch evanjelikov v Z&aacute;padnej Eur&oacute;pe?!!<\/p>\n","protected":false},"excerpt":{"rendered":"<p>V konferen\u010dnom stredisku Ev. cirkvi v MR v R&eacute;vfueloepe sa v d\u0148och 31. augusta a\u017e 2. septembra t.r. kon&aacute; zasadnutie predsedn&iacute;ctiev ma\u010f.protestantsk&yacute;ch cirkevn&yacute;ch zborov v Z&aacute;padnej Eur&oacute;pe. Toto podujatie za&scaron;t&iacute;tili ved&uacute;ci dom&aacute;cich matersk&yacute;ch cirkv&iacute; : za Ref. cirkev biskup Guszt&aacute;v Boelcskei a za Ev. cirkev biskup Tam&aacute;s Fab&iacute;ny. Na zasadnut&iacute; sa preberali ot&aacute;zky duchovn&eacute;ho zabezpe\u010denia &#8230; <a title=\"O bud\u00facnosti ma\u010farsk\u00fdch protestantov v Z\u00e1padnej Eur\u00f3pe\" class=\"read-more\" href=\"https:\/\/www.e-anjelik.sk\/index.php\/2012\/09\/01\/o-buducnosti-madarskych-protestantov-v-zapadnej-europe\/\" aria-label=\"Pre\u010d\u00edtajte si viac o O bud\u00facnosti ma\u010farsk\u00fdch protestantov v Z\u00e1padnej Eur\u00f3pe\">\u010c\u00edta\u0165 viac<\/a><\/p>\n","protected":false},"author":22,"featured_media":0,"comment_status":"open","ping_status":"open","sticky":false,"template":"","format":"standard","meta":{"footnotes":""},"categories":[1],"tags":[234],"class_list":["post-4656","post","type-post","status-publish","format-standard","hentry","category-adventna-modlitba","tag-zdruzenia-a-skupiny"],"_links":{"self":[{"href":"https:\/\/www.e-anjelik.sk\/index.php\/wp-json\/wp\/v2\/posts\/4656","targetHints":{"allow":["GET"]}}],"collection":[{"href":"https:\/\/www.e-anjelik.sk\/index.php\/wp-json\/wp\/v2\/posts"}],"about":[{"href":"https:\/\/www.e-anjelik.sk\/index.php\/wp-json\/wp\/v2\/types\/post"}],"author":[{"embeddable":true,"href":"https:\/\/www.e-anjelik.sk\/index.php\/wp-json\/wp\/v2\/users\/22"}],"replies":[{"embeddable":true,"href":"https:\/\/www.e-anjelik.sk\/index.php\/wp-json\/wp\/v2\/comments?post=4656"}],"version-history":[{"count":0,"href":"https:\/\/www.e-anjelik.sk\/index.php\/wp-json\/wp\/v2\/posts\/4656\/revisions"}],"wp:attachment":[{"href":"https:\/\/www.e-anjelik.sk\/index.php\/wp-json\/wp\/v2\/media?parent=4656"}],"wp:term":[{"taxonomy":"category","embeddable":true,"href":"https:\/\/www.e-anjelik.sk\/index.php\/wp-json\/wp\/v2\/categories?post=4656"},{"taxonomy":"post_tag","embeddable":true,"href":"https:\/\/www.e-anjelik.sk\/index.php\/wp-json\/wp\/v2\/tags?post=4656"}],"curies":[{"name":"wp","href":"https:\/\/api.w.org\/{rel}","templated":true}]}}