{"id":4657,"date":"2012-09-01T18:27:20","date_gmt":"2012-09-01T18:27:20","guid":{"rendered":"http:\/\/e-anjelik.sk\/?p=4657"},"modified":"2012-09-01T18:27:20","modified_gmt":"2012-09-01T18:27:20","slug":"31-august","status":"publish","type":"post","link":"https:\/\/www.e-anjelik.sk\/index.php\/2012\/09\/01\/31-august\/","title":{"rendered":"31. AUGUST"},"content":{"rendered":"<p>                                                         31. AUGUST<\/p>\n<p>Lebo v\u00e1m sa dostalo milosti pre Krista, aby ste nielen verili v Neho, ale aj trpeli pre Neho.<\/p>\n<p>                                                                                                             Filipsk\u00fdm 1, 29<\/p>\n<p>      Bra\u0165 na seba kr\u00ed\u017e kv\u00f4li Slovu a viere, je tak\u00e9 ve\u013ek\u00e9, ako dobrovo\u013ene bra\u0165 na seba a zn\u00e1\u0161a\u0165 nen\u00e1vis\u0165 diabla, sveta, tela, hriechu a smrti. A nie je potrebn\u00e9 kr\u00ed\u017e vyh\u013ead\u00e1va\u0165. Pozam\u00fd\u0161\u013eaj sa len nad prvou \u010das\u0165ou \u017eivota, pr\u00edsnej\u0161ie sa sk\u00famaj, t.j. vytresci spravodlivos\u0165 zo skutkov a vyznaj spravodlivos\u0165 z viery, potom sa \u010doskoro vynor\u00ed aj druh\u00e1 \u010das\u0165, najm\u00e4 kr\u00ed\u017e, ktor\u00fd m\u00e1\u0161 bra\u0165 na seba, ako Kristus zobral kr\u00ed\u017e na seba. <\/p>\n<p>Pokrytci v\u0161ak prv\u00fa \u010das\u0165 zatracuj\u00fa a obhajuj\u00fa svoju vlastn\u00fa spravodlivos\u0165, neber\u00fa kr\u00ed\u017e ani sami na seba, ale st\u00e1vaj\u00fa sa kri\u017euj\u00facimi a vrahmi zbo\u017en\u00fdch, ktor\u00ed kr\u00ed\u017e nes\u00fa.<\/p>\n<p>                             Martin Luther: Smerovn\u00edk kres\u0165anskej cesty<\/p>\n","protected":false},"excerpt":{"rendered":"<p>31. AUGUST Lebo v\u00e1m sa dostalo milosti pre Krista, aby ste nielen verili v Neho, ale aj trpeli pre Neho. Filipsk\u00fdm 1, 29 Bra\u0165 na seba kr\u00ed\u017e kv\u00f4li Slovu a viere, je tak\u00e9 ve\u013ek\u00e9, ako dobrovo\u013ene bra\u0165 na seba a zn\u00e1\u0161a\u0165 nen\u00e1vis\u0165 diabla, sveta, tela, hriechu a smrti. A nie je potrebn\u00e9 kr\u00ed\u017e vyh\u013ead\u00e1va\u0165. Pozam\u00fd\u0161\u013eaj &#8230; <a title=\"31. AUGUST\" class=\"read-more\" href=\"https:\/\/www.e-anjelik.sk\/index.php\/2012\/09\/01\/31-august\/\" aria-label=\"Pre\u010d\u00edtajte si viac o 31. AUGUST\">\u010c\u00edta\u0165 viac<\/a><\/p>\n","protected":false},"author":4,"featured_media":0,"comment_status":"open","ping_status":"open","sticky":false,"template":"","format":"standard","meta":{"footnotes":""},"categories":[1],"tags":[],"class_list":["post-4657","post","type-post","status-publish","format-standard","hentry","category-adventna-modlitba"],"_links":{"self":[{"href":"https:\/\/www.e-anjelik.sk\/index.php\/wp-json\/wp\/v2\/posts\/4657","targetHints":{"allow":["GET"]}}],"collection":[{"href":"https:\/\/www.e-anjelik.sk\/index.php\/wp-json\/wp\/v2\/posts"}],"about":[{"href":"https:\/\/www.e-anjelik.sk\/index.php\/wp-json\/wp\/v2\/types\/post"}],"author":[{"embeddable":true,"href":"https:\/\/www.e-anjelik.sk\/index.php\/wp-json\/wp\/v2\/users\/4"}],"replies":[{"embeddable":true,"href":"https:\/\/www.e-anjelik.sk\/index.php\/wp-json\/wp\/v2\/comments?post=4657"}],"version-history":[{"count":0,"href":"https:\/\/www.e-anjelik.sk\/index.php\/wp-json\/wp\/v2\/posts\/4657\/revisions"}],"wp:attachment":[{"href":"https:\/\/www.e-anjelik.sk\/index.php\/wp-json\/wp\/v2\/media?parent=4657"}],"wp:term":[{"taxonomy":"category","embeddable":true,"href":"https:\/\/www.e-anjelik.sk\/index.php\/wp-json\/wp\/v2\/categories?post=4657"},{"taxonomy":"post_tag","embeddable":true,"href":"https:\/\/www.e-anjelik.sk\/index.php\/wp-json\/wp\/v2\/tags?post=4657"}],"curies":[{"name":"wp","href":"https:\/\/api.w.org\/{rel}","templated":true}]}}