{"id":4660,"date":"2012-09-02T13:59:14","date_gmt":"2012-09-02T13:59:14","guid":{"rendered":"http:\/\/e-anjelik.sk\/?p=4660"},"modified":"2012-09-02T13:59:14","modified_gmt":"2012-09-02T13:59:14","slug":"2-september","status":"publish","type":"post","link":"https:\/\/www.e-anjelik.sk\/index.php\/2012\/09\/02\/2-september\/","title":{"rendered":"2. SEPTEMBER"},"content":{"rendered":"<p>                                                          2. SEPTEMBER<\/p>\n<p>Pl\u0148 povolanie evanjelistu, konaj si slu\u017ebu.<\/p>\n<p>                                                                                                  2. Timoteovi 4, 5 b<\/p>\n<p>     V duchovnom ov\u010dinci, ktor\u00fd je v kr\u00e1\u013eovstve Kristovom, nemaj\u00fa sa ove\u010dk\u00e1m Kristov\u00fdm zvestova\u0165 z\u00e1kony Bo\u017eie, t\u00fdm menej z\u00e1kony \u013eudsk\u00e9, ale Evanjelium, ktor\u00e9 znamen\u00e1 pr\u00fat a palicu \u00fatechy, preto\u017ee prin\u00e1\u0161a potechu v ka\u017edom strachu a smrte\u013en\u00fdch \u00fazkostiach, silu vo viere a povzbudenie v srdci.<\/p>\n<p>T\u00ed, ktor\u00ed takto zvestuj\u00fa Bo\u017eie slovo, plnia si spr\u00e1vne duchovn\u00fd pastiersky \u00farad, pas\u00fa ove\u010dky Kristove na zelen\u00fdch pastv\u00e1ch. Kde tak\u00fdch po\u010d\u00favame, m\u00e1me ich po\u010d\u00fava\u0165 ako sam\u00e9ho Krista. M\u00e1me ich poklada\u0165 za prav\u00fdch pastierov , t.j. za Kristov\u00fdch slu\u017eobn\u00edkov a dom\u00e1cich Bo\u017e\u00edch, a neobzera\u0165 sa na to, \u017ee ich svet vyhlasuje za kac\u00edrov a zvodcov a zatracuje. <\/p>\n<p>Opakujem, t\u00ed \u010do nie\u010do in\u00e9 ako Evanjelium zvestuj\u00fa, s\u00fa zaiste hr\u00f4zostra\u0161n\u00ed vlci a vrahovia.<\/p>\n<p>                                       Martin Luther: Smerovn\u00edk kres\u0165anskej cesty<\/p>\n","protected":false},"excerpt":{"rendered":"<p>2. SEPTEMBER Pl\u0148 povolanie evanjelistu, konaj si slu\u017ebu. 2. Timoteovi 4, 5 b V duchovnom ov\u010dinci, ktor\u00fd je v kr\u00e1\u013eovstve Kristovom, nemaj\u00fa sa ove\u010dk\u00e1m Kristov\u00fdm zvestova\u0165 z\u00e1kony Bo\u017eie, t\u00fdm menej z\u00e1kony \u013eudsk\u00e9, ale Evanjelium, ktor\u00e9 znamen\u00e1 pr\u00fat a palicu \u00fatechy, preto\u017ee prin\u00e1\u0161a potechu v ka\u017edom strachu a smrte\u013en\u00fdch \u00fazkostiach, silu vo viere a povzbudenie v &#8230; <a title=\"2. SEPTEMBER\" class=\"read-more\" href=\"https:\/\/www.e-anjelik.sk\/index.php\/2012\/09\/02\/2-september\/\" aria-label=\"Pre\u010d\u00edtajte si viac o 2. SEPTEMBER\">\u010c\u00edta\u0165 viac<\/a><\/p>\n","protected":false},"author":4,"featured_media":0,"comment_status":"open","ping_status":"open","sticky":false,"template":"","format":"standard","meta":{"footnotes":""},"categories":[1],"tags":[],"class_list":["post-4660","post","type-post","status-publish","format-standard","hentry","category-adventna-modlitba"],"_links":{"self":[{"href":"https:\/\/www.e-anjelik.sk\/index.php\/wp-json\/wp\/v2\/posts\/4660","targetHints":{"allow":["GET"]}}],"collection":[{"href":"https:\/\/www.e-anjelik.sk\/index.php\/wp-json\/wp\/v2\/posts"}],"about":[{"href":"https:\/\/www.e-anjelik.sk\/index.php\/wp-json\/wp\/v2\/types\/post"}],"author":[{"embeddable":true,"href":"https:\/\/www.e-anjelik.sk\/index.php\/wp-json\/wp\/v2\/users\/4"}],"replies":[{"embeddable":true,"href":"https:\/\/www.e-anjelik.sk\/index.php\/wp-json\/wp\/v2\/comments?post=4660"}],"version-history":[{"count":0,"href":"https:\/\/www.e-anjelik.sk\/index.php\/wp-json\/wp\/v2\/posts\/4660\/revisions"}],"wp:attachment":[{"href":"https:\/\/www.e-anjelik.sk\/index.php\/wp-json\/wp\/v2\/media?parent=4660"}],"wp:term":[{"taxonomy":"category","embeddable":true,"href":"https:\/\/www.e-anjelik.sk\/index.php\/wp-json\/wp\/v2\/categories?post=4660"},{"taxonomy":"post_tag","embeddable":true,"href":"https:\/\/www.e-anjelik.sk\/index.php\/wp-json\/wp\/v2\/tags?post=4660"}],"curies":[{"name":"wp","href":"https:\/\/api.w.org\/{rel}","templated":true}]}}