{"id":4661,"date":"2012-09-03T05:48:57","date_gmt":"2012-09-03T05:48:57","guid":{"rendered":"http:\/\/e-anjelik.sk\/?p=4661"},"modified":"2012-09-03T05:48:57","modified_gmt":"2012-09-03T05:48:57","slug":"stvoritel-a-vykupitel-ludskeho-pokolenia-ma-moc-darovat-mne-nehodnemu-aj-vysku-zivota-aj-ucinnost-jazyka","status":"publish","type":"post","link":"https:\/\/www.e-anjelik.sk\/index.php\/2012\/09\/03\/stvoritel-a-vykupitel-ludskeho-pokolenia-ma-moc-darovat-mne-nehodnemu-aj-vysku-zivota-aj-ucinnost-jazyka\/","title":{"rendered":"Stvorite\u013e a Vykupite\u013e \u013eudsk\u00e9ho pokolenia m\u00e1 moc darova\u0165 mne nehodn\u00e9mu aj v\u00fd\u0161ku \u017eivota, aj \u00fa\u010dinnos\u0165 jazyka."},"content":{"rendered":"<p>Dnes si RKC v liturgickom kalend&aacute;ri spom&iacute;na na Gregora Ve\u013ek&eacute;ho. V brevi&aacute;ri sa nach&aacute;dza \u010das\u0165 jeho hom&iacute;lie, ktor&uacute; pova\u017eujem za pekn&uacute; a tak sa o \u0148u chcem s vami podeli\u0165.<\/p>\n<p>&nbsp;<\/p>\n<p>&nbsp;<b style=\"color: rgb(0, 0, 0); font-family: Cambria, Constantia, Georgia, 'Lido STF', DejaVu, Liberation, GentiumPlus, Gentium, Garamond, serif; font-size: medium; line-height: normal; \">Z&nbsp;Hom&iacute;li&iacute; sv&auml;t&eacute;ho p&aacute;pe\u017ea Gregora Ve\u013ek&eacute;ho na Ezechiela<\/b><\/p>\n<div align=\"center\" class=\"red\" style=\"color: rgb(255, 0, 0); font-family: Cambria, Constantia, Georgia, 'Lido STF', DejaVu, Liberation, GentiumPlus, Gentium, Garamond, serif; line-height: normal; font-size: medium; \">(Lib. 1, 11, 4-6: CCL 142, 170-172)<\/div>\n<p style=\"font-family: Cambria, Constantia, Georgia, 'Lido STF', DejaVu, Liberation, GentiumPlus, Gentium, Garamond, serif; color: rgb(0, 0, 0); line-height: normal; font-size: medium; \">&nbsp;<\/p>\n<div align=\"center\" class=\"redit\" style=\"color: rgb(255, 0, 0); font-style: italic; font-family: Cambria, Constantia, Georgia, 'Lido STF', DejaVu, Liberation, GentiumPlus, Gentium, Garamond, serif; line-height: normal; font-size: medium; \">Z&nbsp;l&aacute;sky ku Kristovi hl&aacute;sam jeho slovo a&nbsp;ne&scaron;etr&iacute;m sa<\/div>\n<p>&nbsp;<\/p>\n<p style=\"font-family: Cambria, Constantia, Georgia, 'Lido STF', DejaVu, Liberation, GentiumPlus, Gentium, Garamond, serif; color: rgb(0, 0, 0); line-height: normal; font-size: medium; \"><b>&nbsp;&nbsp;&nbsp;&nbsp; &bdquo;Syn \u010dloveka, urobil som \u0165a str&aacute;\u017ecom domu Izraela.&ldquo; Je pozoruhodn&eacute;, \u017ee P&aacute;n toho, koho posiela k&aacute;za\u0165, naz&yacute;va str&aacute;\u017ecom. Str&aacute;\u017eca toti\u017e stoj&iacute; v\u017edy na vyv&yacute;&scaron;enom mieste, aby z\u010faleka videl, \u010do sa pripravuje. A&nbsp;ka\u017ed&yacute;, kto je ustanoven&yacute; za str&aacute;\u017ecu \u013eudu, mus&iacute; st&aacute;\u0165 vysoko svoj&iacute;m \u017eivotom, aby mohol posl&uacute;\u017ei\u0165 svojou prezieravos\u0165ou.&nbsp;<br \/>\n&nbsp;&nbsp;&nbsp;&nbsp; Ale ako mi znie tvrdo, \u010do tu hovor&iacute;m! Lebo ke\u010f takto hovor&iacute;m, zasahujem seba sam&eacute;ho, ve\u010f ani m&ocirc;j jazyk nehl&aacute;sa tak, ako by sa patrilo, ani m&ocirc;j \u017eivot nenasleduje jazyk, ako by bolo treba.&nbsp;<br \/>\n&nbsp;&nbsp;&nbsp;&nbsp; Nenahov&aacute;ram si, \u017ee som nevinn&yacute;, vid&iacute;m svoju \u0165arbavos\u0165 a&nbsp;nedbalos\u0165. Mo\u017eno, \u017ee priznanie viny mi vym&ocirc;\u017ee odpustenie u&nbsp;milosrdn&eacute;ho sudcu. Ke\u010f som bol v&nbsp;kl&aacute;&scaron;tore, dok&aacute;zal som aj jazyk zd\u0155\u017ea\u0165 od zbyto\u010dn&yacute;ch re\u010d&iacute;, aj takmer st&aacute;le udr\u017eiava\u0165 myse\u013e pri s&uacute;stredenej modlitbe. Ale odvtedy, ako som vzal na plecia svojho srdca bremeno pastierskeho &uacute;radu, duch sa u\u017e nedok&aacute;\u017ee poriadne s&uacute;stredi\u0165 s&aacute;m na seba, lebo sa rozde\u013euje na mnoho vec&iacute;.&nbsp;<br \/>\n&nbsp;&nbsp;&nbsp;&nbsp; Lebo hne\u010f mus&iacute;m rie&scaron;i\u0165 z&aacute;le\u017eitosti cirkv&iacute;, hne\u010f zasa kl&aacute;&scaron;torov a&nbsp;\u010dasto zva\u017eova\u0165 \u017eivot a&nbsp;skutky jednotlivcov. Hne\u010f sa mus&iacute;m uja\u0165 nejak&yacute;ch potrieb ob\u010danov, hne\u010f kv&iacute;li\u0165 nad prepadmi vra\u017ediacich barbarov a&nbsp;ob&aacute;va\u0165 sa vlkov, ktor&iacute; mi \u010d&iacute;haj&uacute; na zveren&eacute; st&aacute;do. Raz sa mus&iacute;m uja\u0165 spr&aacute;vy vec&iacute;, aby nech&yacute;bali prostriedky t&yacute;m, \u010do s&uacute; viazan&iacute; reho\u013en&yacute;mi pravidlami, inokedy pokojne zn&aacute;&scaron;a\u0165 l&uacute;pe\u017en&iacute;kov, alebo im aj vyjs\u0165 v&nbsp;&uacute;strety v&nbsp;&uacute;sil&iacute; o&nbsp;zachovanie l&aacute;sky.&nbsp;<br \/>\n&nbsp;&nbsp;&nbsp;&nbsp; A&nbsp;ke\u010f je myse\u013e takto rozorvan&aacute; a&nbsp;rozbit&aacute; a&nbsp;mus&iacute; sa zaobera\u0165 to\u013ek&yacute;mi a&nbsp;tak&yacute;mi vecami, kedy sa m&aacute; vr&aacute;ti\u0165 k&nbsp;sebe samej, aby sa celkom s&uacute;stredila na hl&aacute;sanie a&nbsp;nezanedb&aacute;vala slu\u017ebu slova? Ke\u010f\u017ee sa don&uacute;ten&yacute; postaven&iacute;m \u010dasto st&yacute;kam so svetsk&yacute;mi \u013eu\u010fmi, niekedy popust&iacute;m uzdu svojmu jazyku. Lebo viem, \u017ee ke\u010f sa ve\u013emi pr&iacute;sne dr\u017e&iacute;m svojich z&aacute;sad, slab&scaron;&iacute; predo mnou utekaj&uacute; a&nbsp;nikdy ich nedostanem na to, \u010do chcem dosiahnu\u0165. Preto sa \u010dasto st&aacute;va, \u017ee trpezlivo po\u010d&uacute;vam aj ich pr&aacute;zdne re\u010di. Ale aj ja som slab&yacute;, trochu sa d&aacute;m zatiahnu\u0165 do pr&aacute;zdnych re\u010d&iacute; a&nbsp;u\u017e za\u010dnem s&nbsp;rados\u0165ou rozpr&aacute;va\u0165 o&nbsp;tom, \u010do som za\u010dal po\u010d&uacute;va\u0165 proti svojej v&ocirc;li. A&nbsp;do \u010doho sa mi bridilo padn&uacute;\u0165, v&nbsp;tom teraz spokojne le\u017e&iacute;m.&nbsp;<br \/>\n&nbsp;&nbsp;&nbsp;&nbsp; Kto som teda alebo ak&yacute; som to str&aacute;\u017eca, ke\u010f nestoj&iacute;m na vrchu svojej &uacute;lohy, ale e&scaron;te le\u017e&iacute;m v&nbsp;&uacute;dol&iacute; slabosti? No Stvorite\u013e a&nbsp;Vykupite\u013e \u013eudsk&eacute;ho pokolenia m&aacute; moc darova\u0165 mne nehodn&eacute;mu aj v&yacute;&scaron;ku \u017eivota, aj &uacute;\u010dinnos\u0165 jazyka a&nbsp;ja z&nbsp;l&aacute;sky k&nbsp;nemu hl&aacute;sam jeho slovo a&nbsp;ne&scaron;etr&iacute;m sa.<\/b><\/p>\n<p style=\"font-family: Cambria, Constantia, Georgia, 'Lido STF', DejaVu, Liberation, GentiumPlus, Gentium, Garamond, serif; color: rgb(0, 0, 0); line-height: normal; font-size: medium; \">zdroj: breviar.sk<\/p>\n","protected":false},"excerpt":{"rendered":"<p>Dnes si RKC v liturgickom kalend&aacute;ri spom&iacute;na na Gregora Ve\u013ek&eacute;ho. V brevi&aacute;ri sa nach&aacute;dza \u010das\u0165 jeho hom&iacute;lie, ktor&uacute; pova\u017eujem za pekn&uacute; a tak sa o \u0148u chcem s vami podeli\u0165. &nbsp; &nbsp;Z&nbsp;Hom&iacute;li&iacute; sv&auml;t&eacute;ho p&aacute;pe\u017ea Gregora Ve\u013ek&eacute;ho na Ezechiela (Lib. 1, 11, 4-6: CCL 142, 170-172) &nbsp; Z&nbsp;l&aacute;sky ku Kristovi hl&aacute;sam jeho slovo a&nbsp;ne&scaron;etr&iacute;m sa &nbsp; &#8230; <a title=\"Stvorite\u013e a Vykupite\u013e \u013eudsk\u00e9ho pokolenia m\u00e1 moc darova\u0165 mne nehodn\u00e9mu aj v\u00fd\u0161ku \u017eivota, aj \u00fa\u010dinnos\u0165 jazyka.\" class=\"read-more\" href=\"https:\/\/www.e-anjelik.sk\/index.php\/2012\/09\/03\/stvoritel-a-vykupitel-ludskeho-pokolenia-ma-moc-darovat-mne-nehodnemu-aj-vysku-zivota-aj-ucinnost-jazyka\/\" aria-label=\"Pre\u010d\u00edtajte si viac o Stvorite\u013e a Vykupite\u013e \u013eudsk\u00e9ho pokolenia m\u00e1 moc darova\u0165 mne nehodn\u00e9mu aj v\u00fd\u0161ku \u017eivota, aj \u00fa\u010dinnos\u0165 jazyka.\">\u010c\u00edta\u0165 viac<\/a><\/p>\n","protected":false},"author":17,"featured_media":0,"comment_status":"open","ping_status":"open","sticky":false,"template":"","format":"standard","meta":{"footnotes":""},"categories":[2],"tags":[],"class_list":["post-4661","post","type-post","status-publish","format-standard","hentry","category-ekumena"],"_links":{"self":[{"href":"https:\/\/www.e-anjelik.sk\/index.php\/wp-json\/wp\/v2\/posts\/4661","targetHints":{"allow":["GET"]}}],"collection":[{"href":"https:\/\/www.e-anjelik.sk\/index.php\/wp-json\/wp\/v2\/posts"}],"about":[{"href":"https:\/\/www.e-anjelik.sk\/index.php\/wp-json\/wp\/v2\/types\/post"}],"author":[{"embeddable":true,"href":"https:\/\/www.e-anjelik.sk\/index.php\/wp-json\/wp\/v2\/users\/17"}],"replies":[{"embeddable":true,"href":"https:\/\/www.e-anjelik.sk\/index.php\/wp-json\/wp\/v2\/comments?post=4661"}],"version-history":[{"count":0,"href":"https:\/\/www.e-anjelik.sk\/index.php\/wp-json\/wp\/v2\/posts\/4661\/revisions"}],"wp:attachment":[{"href":"https:\/\/www.e-anjelik.sk\/index.php\/wp-json\/wp\/v2\/media?parent=4661"}],"wp:term":[{"taxonomy":"category","embeddable":true,"href":"https:\/\/www.e-anjelik.sk\/index.php\/wp-json\/wp\/v2\/categories?post=4661"},{"taxonomy":"post_tag","embeddable":true,"href":"https:\/\/www.e-anjelik.sk\/index.php\/wp-json\/wp\/v2\/tags?post=4661"}],"curies":[{"name":"wp","href":"https:\/\/api.w.org\/{rel}","templated":true}]}}