{"id":4662,"date":"2012-09-03T07:08:13","date_gmt":"2012-09-03T07:08:13","guid":{"rendered":"http:\/\/e-anjelik.sk\/?p=4662"},"modified":"2012-09-03T07:08:13","modified_gmt":"2012-09-03T07:08:13","slug":"otvorenie-noveho-sk-roku-v-kiskorosi-mr","status":"publish","type":"post","link":"https:\/\/www.e-anjelik.sk\/index.php\/2012\/09\/03\/otvorenie-noveho-sk-roku-v-kiskorosi-mr\/","title":{"rendered":"Otvorenie nov\u00e9ho \u0161k. roku v Kisk\u00f6r\u00f6si, MR"},"content":{"rendered":"<p>V nede\u013eu 2. septembra t.r. v meste Kisk&ouml;r&ouml;s&nbsp;sa konala&nbsp; sl&aacute;vnos\u0165 otvorenia nov&eacute;ho &scaron;kolsk&eacute;ho roku 20102\/13 pre najv&auml;\u010d&scaron;ie ev. zariadenie v krajine: &scaron;k&ocirc;lky so 100 de\u0165mi,Z&Scaron; s&nbsp;545 \u017eiakmi ,&nbsp;\u02c7Gymn&aacute;zia s&nbsp;628 stredo&scaron;kol&aacute;kmi a Strednej odbornej z&aacute;hradn&iacute;ckej &scaron;koly s asi 180 dospel&yacute;mi.Slu\u017eby Bo\u017eie viedli predsedaj&uacute;ci biskup EC v MR G&aacute;ncs P&eacute;ter&nbsp;a senior Gy&ouml;rgy Lupt&aacute;k. V r&aacute;mci sl&aacute;vnosti z&aacute;stupcovia miestnych org&aacute;nov odovzdali k\u013e&uacute;\u010de od nov&eacute;ho cirkevn&eacute;ho vzdel&aacute;vacieho zariadenia, nasledovalo po\u017eehnanie budovy a bohoslu\u017eby. Na sl&aacute;vnosti sa z&uacute;\u010dastnili z&aacute;stupcovia mesta, \u017eupy a &uacute;strednej vl&aacute;dy ako aj biskup Martin Modeus z Link&ouml;pingu, &Scaron;v&eacute;dsko.Cirkevn&aacute; budova bola vr&aacute;ten&aacute; do vlastn&iacute;ctva cirkvi re&scaron;tit&uacute;ciou pred ned&aacute;vnom.<\/p>\n<p>(<a href=\"http:\/\/www.evangelikus.hu\">www.evangelikus.hu<\/a>)<\/p>\n","protected":false},"excerpt":{"rendered":"<p>V nede\u013eu 2. septembra t.r. v meste Kisk&ouml;r&ouml;s&nbsp;sa konala&nbsp; sl&aacute;vnos\u0165 otvorenia nov&eacute;ho &scaron;kolsk&eacute;ho roku 20102\/13 pre najv&auml;\u010d&scaron;ie ev. zariadenie v krajine: &scaron;k&ocirc;lky so 100 de\u0165mi,Z&Scaron; s&nbsp;545 \u017eiakmi ,&nbsp;\u02c7Gymn&aacute;zia s&nbsp;628 stredo&scaron;kol&aacute;kmi a Strednej odbornej z&aacute;hradn&iacute;ckej &scaron;koly s asi 180 dospel&yacute;mi.Slu\u017eby Bo\u017eie viedli predsedaj&uacute;ci biskup EC v MR G&aacute;ncs P&eacute;ter&nbsp;a senior Gy&ouml;rgy Lupt&aacute;k. V r&aacute;mci sl&aacute;vnosti z&aacute;stupcovia &#8230; <a title=\"Otvorenie nov\u00e9ho \u0161k. roku v Kisk\u00f6r\u00f6si, MR\" class=\"read-more\" href=\"https:\/\/www.e-anjelik.sk\/index.php\/2012\/09\/03\/otvorenie-noveho-sk-roku-v-kiskorosi-mr\/\" aria-label=\"Pre\u010d\u00edtajte si viac o Otvorenie nov\u00e9ho \u0161k. roku v Kisk\u00f6r\u00f6si, MR\">\u010c\u00edta\u0165 viac<\/a><\/p>\n","protected":false},"author":22,"featured_media":0,"comment_status":"open","ping_status":"open","sticky":false,"template":"","format":"standard","meta":{"footnotes":""},"categories":[1],"tags":[201,242],"class_list":["post-4662","post","type-post","status-publish","format-standard","hentry","category-adventna-modlitba","tag-skoly","tag-slavnosti"],"_links":{"self":[{"href":"https:\/\/www.e-anjelik.sk\/index.php\/wp-json\/wp\/v2\/posts\/4662","targetHints":{"allow":["GET"]}}],"collection":[{"href":"https:\/\/www.e-anjelik.sk\/index.php\/wp-json\/wp\/v2\/posts"}],"about":[{"href":"https:\/\/www.e-anjelik.sk\/index.php\/wp-json\/wp\/v2\/types\/post"}],"author":[{"embeddable":true,"href":"https:\/\/www.e-anjelik.sk\/index.php\/wp-json\/wp\/v2\/users\/22"}],"replies":[{"embeddable":true,"href":"https:\/\/www.e-anjelik.sk\/index.php\/wp-json\/wp\/v2\/comments?post=4662"}],"version-history":[{"count":0,"href":"https:\/\/www.e-anjelik.sk\/index.php\/wp-json\/wp\/v2\/posts\/4662\/revisions"}],"wp:attachment":[{"href":"https:\/\/www.e-anjelik.sk\/index.php\/wp-json\/wp\/v2\/media?parent=4662"}],"wp:term":[{"taxonomy":"category","embeddable":true,"href":"https:\/\/www.e-anjelik.sk\/index.php\/wp-json\/wp\/v2\/categories?post=4662"},{"taxonomy":"post_tag","embeddable":true,"href":"https:\/\/www.e-anjelik.sk\/index.php\/wp-json\/wp\/v2\/tags?post=4662"}],"curies":[{"name":"wp","href":"https:\/\/api.w.org\/{rel}","templated":true}]}}