{"id":4663,"date":"2012-09-03T07:35:30","date_gmt":"2012-09-03T07:35:30","guid":{"rendered":"http:\/\/e-anjelik.sk\/?p=4663"},"modified":"2012-09-03T07:35:30","modified_gmt":"2012-09-03T07:35:30","slug":"v-nemecku-oblubuju-biblicke-zahrady","status":"publish","type":"post","link":"https:\/\/www.e-anjelik.sk\/index.php\/2012\/09\/03\/v-nemecku-oblubuju-biblicke-zahrady\/","title":{"rendered":"V Nemecku ob\u013eubuj\u00fa biblick\u00e9 z\u00e1hrady"},"content":{"rendered":"<p>V ostatn&yacute;ch dvoch rokoch sa po\u010det biblick&yacute;ch z&aacute;hrad v Nemecku zv&yacute;&scaron;il zo 120 na 160 . Ide o z&aacute;hrady, v ktor&yacute;ch sa nach&aacute;dzaj&uacute; rastliny spom&iacute;nan&eacute; v Biblii. V P&iacute;sme sv&auml;tom sa spom&iacute;na 125 rastl&iacute;n. Nav&scaron;tevn&iacute;ci v t&yacute;chto z&aacute;hrad&aacute;ch mnoh&eacute; z t&yacute;chto rastl&iacute;n m&ocirc;\u017eu vidie\u0165, ovo\u0148a\u0165 alebo ochutna\u0165. V niektor&yacute;ch z&aacute;hrad&aacute;ch sa konaj&uacute; &scaron;peci&aacute;lne kr&aacute;tke pobo\u017enosti.<\/p>\n<p>(<a href=\"http:\/\/www.idea.de\">www.idea.de<\/a>)<\/p>\n","protected":false},"excerpt":{"rendered":"<p>V ostatn&yacute;ch dvoch rokoch sa po\u010det biblick&yacute;ch z&aacute;hrad v Nemecku zv&yacute;&scaron;il zo 120 na 160 . Ide o z&aacute;hrady, v ktor&yacute;ch sa nach&aacute;dzaj&uacute; rastliny spom&iacute;nan&eacute; v Biblii. V P&iacute;sme sv&auml;tom sa spom&iacute;na 125 rastl&iacute;n. Nav&scaron;tevn&iacute;ci v t&yacute;chto z&aacute;hrad&aacute;ch mnoh&eacute; z t&yacute;chto rastl&iacute;n m&ocirc;\u017eu vidie\u0165, ovo\u0148a\u0165 alebo ochutna\u0165. V niektor&yacute;ch z&aacute;hrad&aacute;ch sa konaj&uacute; &scaron;peci&aacute;lne kr&aacute;tke pobo\u017enosti. &#8230; <a title=\"V Nemecku ob\u013eubuj\u00fa biblick\u00e9 z\u00e1hrady\" class=\"read-more\" href=\"https:\/\/www.e-anjelik.sk\/index.php\/2012\/09\/03\/v-nemecku-oblubuju-biblicke-zahrady\/\" aria-label=\"Pre\u010d\u00edtajte si viac o V Nemecku ob\u013eubuj\u00fa biblick\u00e9 z\u00e1hrady\">\u010c\u00edta\u0165 viac<\/a><\/p>\n","protected":false},"author":22,"featured_media":0,"comment_status":"open","ping_status":"open","sticky":false,"template":"","format":"standard","meta":{"footnotes":""},"categories":[9,10],"tags":[],"class_list":["post-4663","post","type-post","status-publish","format-standard","hentry","category-europa","category-zo-sveta"],"_links":{"self":[{"href":"https:\/\/www.e-anjelik.sk\/index.php\/wp-json\/wp\/v2\/posts\/4663","targetHints":{"allow":["GET"]}}],"collection":[{"href":"https:\/\/www.e-anjelik.sk\/index.php\/wp-json\/wp\/v2\/posts"}],"about":[{"href":"https:\/\/www.e-anjelik.sk\/index.php\/wp-json\/wp\/v2\/types\/post"}],"author":[{"embeddable":true,"href":"https:\/\/www.e-anjelik.sk\/index.php\/wp-json\/wp\/v2\/users\/22"}],"replies":[{"embeddable":true,"href":"https:\/\/www.e-anjelik.sk\/index.php\/wp-json\/wp\/v2\/comments?post=4663"}],"version-history":[{"count":0,"href":"https:\/\/www.e-anjelik.sk\/index.php\/wp-json\/wp\/v2\/posts\/4663\/revisions"}],"wp:attachment":[{"href":"https:\/\/www.e-anjelik.sk\/index.php\/wp-json\/wp\/v2\/media?parent=4663"}],"wp:term":[{"taxonomy":"category","embeddable":true,"href":"https:\/\/www.e-anjelik.sk\/index.php\/wp-json\/wp\/v2\/categories?post=4663"},{"taxonomy":"post_tag","embeddable":true,"href":"https:\/\/www.e-anjelik.sk\/index.php\/wp-json\/wp\/v2\/tags?post=4663"}],"curies":[{"name":"wp","href":"https:\/\/api.w.org\/{rel}","templated":true}]}}