{"id":4672,"date":"2012-09-06T13:11:43","date_gmt":"2012-09-06T13:11:43","guid":{"rendered":"http:\/\/e-anjelik.sk\/?p=4672"},"modified":"2012-09-06T13:11:43","modified_gmt":"2012-09-06T13:11:43","slug":"prominentni-nemecki-krestania-chcu-jednotu-cirkvi","status":"publish","type":"post","link":"https:\/\/www.e-anjelik.sk\/index.php\/2012\/09\/06\/prominentni-nemecki-krestania-chcu-jednotu-cirkvi\/","title":{"rendered":"Prominentn\u00ed nemeck\u00ed kres\u0165ania chc\u00fa jednotu cirkv\u00ed"},"content":{"rendered":"<p>Prominentn&iacute; nemeck&iacute; kres\u0165ania oboch konfesi&iacute; vydali v&yacute;zvu &quot;Ekum&eacute;na teraz &#8211; jeden Boh, jedna viera, jedna cirkev&quot;, v ktorej vyz&yacute;vaj&uacute; k ukon\u010deniu rozdelenia kres\u0165anov. Ide o laick&yacute;ch politikov a&nbsp;intelektu&aacute;lov . Vinia nosite\u013eov &uacute;radu v cirkv&aacute;ch, \u017ee pre ekum&eacute;nu m&aacute;lo robia. Na t&uacute;to v&yacute;zvu odpovedali katol&iacute;cki hierchovia, ktor&iacute; tlmia t&uacute;to netrpezlivos\u0165 a hovoria, \u017ee ku spojeniu cirkv&iacute; bez predch&aacute;dzaj&uacute;cich teologick&yacute;ch rozhovorov nem&ocirc;\u017ee d&ocirc;js\u0165.&quot; Ekum&eacute;na nie je politick&aacute; ot&aacute;zka, ale predov&scaron;etk&yacute;m ot&aacute;zka h\u013eadania Boha&quot;, povedal arcibiskup R. Zollitsch, predseda nemeckej katol&iacute;ckej biskupskej konferencie.&nbsp;Pr&iacute;le\u017eitos\u0165ou k vydaniu v&yacute;zvy je 50. v&yacute;ro\u010die za\u010datia 2. Vatik&aacute;nsk&eacute;ho&iacute; koncilu, ktor&yacute; mal po prv&yacute; raz v programe ot&aacute;zku ekumenizmu a bl&iacute;\u017eiace sa 500. v&yacute;ro\u010die reform&aacute;cie v r. 2017.<\/p>\n<p>(<a href=\"http:\/\/www.nordkirche.de\">www.nordkirche.de<\/a>)<\/p>\n","protected":false},"excerpt":{"rendered":"<p>Prominentn&iacute; nemeck&iacute; kres\u0165ania oboch konfesi&iacute; vydali v&yacute;zvu &quot;Ekum&eacute;na teraz &#8211; jeden Boh, jedna viera, jedna cirkev&quot;, v ktorej vyz&yacute;vaj&uacute; k ukon\u010deniu rozdelenia kres\u0165anov. Ide o laick&yacute;ch politikov a&nbsp;intelektu&aacute;lov . Vinia nosite\u013eov &uacute;radu v cirkv&aacute;ch, \u017ee pre ekum&eacute;nu m&aacute;lo robia. Na t&uacute;to v&yacute;zvu odpovedali katol&iacute;cki hierchovia, ktor&iacute; tlmia t&uacute;to netrpezlivos\u0165 a hovoria, \u017ee ku spojeniu cirkv&iacute; &#8230; <a title=\"Prominentn\u00ed nemeck\u00ed kres\u0165ania chc\u00fa jednotu cirkv\u00ed\" class=\"read-more\" href=\"https:\/\/www.e-anjelik.sk\/index.php\/2012\/09\/06\/prominentni-nemecki-krestania-chcu-jednotu-cirkvi\/\" aria-label=\"Pre\u010d\u00edtajte si viac o Prominentn\u00ed nemeck\u00ed kres\u0165ania chc\u00fa jednotu cirkv\u00ed\">\u010c\u00edta\u0165 viac<\/a><\/p>\n","protected":false},"author":22,"featured_media":0,"comment_status":"open","ping_status":"open","sticky":false,"template":"","format":"standard","meta":{"footnotes":""},"categories":[2],"tags":[],"class_list":["post-4672","post","type-post","status-publish","format-standard","hentry","category-ekumena"],"_links":{"self":[{"href":"https:\/\/www.e-anjelik.sk\/index.php\/wp-json\/wp\/v2\/posts\/4672","targetHints":{"allow":["GET"]}}],"collection":[{"href":"https:\/\/www.e-anjelik.sk\/index.php\/wp-json\/wp\/v2\/posts"}],"about":[{"href":"https:\/\/www.e-anjelik.sk\/index.php\/wp-json\/wp\/v2\/types\/post"}],"author":[{"embeddable":true,"href":"https:\/\/www.e-anjelik.sk\/index.php\/wp-json\/wp\/v2\/users\/22"}],"replies":[{"embeddable":true,"href":"https:\/\/www.e-anjelik.sk\/index.php\/wp-json\/wp\/v2\/comments?post=4672"}],"version-history":[{"count":0,"href":"https:\/\/www.e-anjelik.sk\/index.php\/wp-json\/wp\/v2\/posts\/4672\/revisions"}],"wp:attachment":[{"href":"https:\/\/www.e-anjelik.sk\/index.php\/wp-json\/wp\/v2\/media?parent=4672"}],"wp:term":[{"taxonomy":"category","embeddable":true,"href":"https:\/\/www.e-anjelik.sk\/index.php\/wp-json\/wp\/v2\/categories?post=4672"},{"taxonomy":"post_tag","embeddable":true,"href":"https:\/\/www.e-anjelik.sk\/index.php\/wp-json\/wp\/v2\/tags?post=4672"}],"curies":[{"name":"wp","href":"https:\/\/api.w.org\/{rel}","templated":true}]}}