{"id":4673,"date":"2012-09-06T13:28:40","date_gmt":"2012-09-06T13:28:40","guid":{"rendered":"http:\/\/e-anjelik.sk\/?p=4673"},"modified":"2012-09-06T13:28:40","modified_gmt":"2012-09-06T13:28:40","slug":"medzinarodna-luteranska-teologicka-konferencia-v-usa","status":"publish","type":"post","link":"https:\/\/www.e-anjelik.sk\/index.php\/2012\/09\/06\/medzinarodna-luteranska-teologicka-konferencia-v-usa\/","title":{"rendered":"Medzin\u00e1rodn\u00e1 luter\u00e1nska teologick\u00e1 konferencia v USA"},"content":{"rendered":"<p>V Atlante, Ga. ,USA bude sa v d\u0148och 31. okt&oacute;bra a\u017e 2. novembra t.r. kona\u0165 medzin&aacute;rodn&aacute; konferencia luter&aacute;nskych teol&oacute;gov .Organiz&aacute;torom a hostite\u013eom je LC&nbsp;MS ,komisia pre teol&oacute;giu a cirkevn&eacute; vz\u0165ahy, ako aj &uacute;rad cirkevn&eacute;ho prezidenta (biskupa). Pozvan&yacute;ch bude do 120 teol&oacute;gov z konfesion&aacute;lnych cirkv&iacute;. T&eacute;mou&nbsp;bude &nbsp;:Reform&aacute;cia a jej znaky pre 21. storo\u010die -biblick&eacute; a vyzn&aacute;va\u010dsk&eacute; svedectvo pre svet.<\/p>\n<p>(<a href=\"http:\/\/www.lcms.org\">www.lcms.org<\/a>)<\/p>\n","protected":false},"excerpt":{"rendered":"<p>V Atlante, Ga. ,USA bude sa v d\u0148och 31. okt&oacute;bra a\u017e 2. novembra t.r. kona\u0165 medzin&aacute;rodn&aacute; konferencia luter&aacute;nskych teol&oacute;gov .Organiz&aacute;torom a hostite\u013eom je LC&nbsp;MS ,komisia pre teol&oacute;giu a cirkevn&eacute; vz\u0165ahy, ako aj &uacute;rad cirkevn&eacute;ho prezidenta (biskupa). Pozvan&yacute;ch bude do 120 teol&oacute;gov z konfesion&aacute;lnych cirkv&iacute;. T&eacute;mou&nbsp;bude &nbsp;:Reform&aacute;cia a jej znaky pre 21. storo\u010die -biblick&eacute; a vyzn&aacute;va\u010dsk&eacute; &#8230; <a title=\"Medzin\u00e1rodn\u00e1 luter\u00e1nska teologick\u00e1 konferencia v USA\" class=\"read-more\" href=\"https:\/\/www.e-anjelik.sk\/index.php\/2012\/09\/06\/medzinarodna-luteranska-teologicka-konferencia-v-usa\/\" aria-label=\"Pre\u010d\u00edtajte si viac o Medzin\u00e1rodn\u00e1 luter\u00e1nska teologick\u00e1 konferencia v USA\">\u010c\u00edta\u0165 viac<\/a><\/p>\n","protected":false},"author":22,"featured_media":0,"comment_status":"open","ping_status":"open","sticky":false,"template":"","format":"standard","meta":{"footnotes":""},"categories":[1],"tags":[234],"class_list":["post-4673","post","type-post","status-publish","format-standard","hentry","category-adventna-modlitba","tag-zdruzenia-a-skupiny"],"_links":{"self":[{"href":"https:\/\/www.e-anjelik.sk\/index.php\/wp-json\/wp\/v2\/posts\/4673","targetHints":{"allow":["GET"]}}],"collection":[{"href":"https:\/\/www.e-anjelik.sk\/index.php\/wp-json\/wp\/v2\/posts"}],"about":[{"href":"https:\/\/www.e-anjelik.sk\/index.php\/wp-json\/wp\/v2\/types\/post"}],"author":[{"embeddable":true,"href":"https:\/\/www.e-anjelik.sk\/index.php\/wp-json\/wp\/v2\/users\/22"}],"replies":[{"embeddable":true,"href":"https:\/\/www.e-anjelik.sk\/index.php\/wp-json\/wp\/v2\/comments?post=4673"}],"version-history":[{"count":0,"href":"https:\/\/www.e-anjelik.sk\/index.php\/wp-json\/wp\/v2\/posts\/4673\/revisions"}],"wp:attachment":[{"href":"https:\/\/www.e-anjelik.sk\/index.php\/wp-json\/wp\/v2\/media?parent=4673"}],"wp:term":[{"taxonomy":"category","embeddable":true,"href":"https:\/\/www.e-anjelik.sk\/index.php\/wp-json\/wp\/v2\/categories?post=4673"},{"taxonomy":"post_tag","embeddable":true,"href":"https:\/\/www.e-anjelik.sk\/index.php\/wp-json\/wp\/v2\/tags?post=4673"}],"curies":[{"name":"wp","href":"https:\/\/api.w.org\/{rel}","templated":true}]}}