{"id":4674,"date":"2012-09-10T12:22:04","date_gmt":"2012-09-10T12:22:04","guid":{"rendered":"http:\/\/e-anjelik.sk\/?p=4674"},"modified":"2012-09-10T12:22:04","modified_gmt":"2012-09-10T12:22:04","slug":"zomrel-dolinsky-arpad","status":"publish","type":"post","link":"https:\/\/www.e-anjelik.sk\/index.php\/2012\/09\/10\/zomrel-dolinsky-arpad\/","title":{"rendered":"Zomrel Dolinsk\u00fd \u00c1rp\u00e1d"},"content":{"rendered":"<p>Ako oznamuje port&aacute;l <a href=\"http:\/\/www.evangelikus.hu\">www.evangelikus.hu<\/a> 7. septembra t.r. po kr&aacute;tkej chorobe zomrel v ma\u010farskom meste Kecskem&eacute;t &Aacute;rp&aacute;d Dolinsk&yacute; , ktor&yacute; sa narodil v cirkevnom zbore Gemer roku 1949 , vy&scaron;tudoval teol&oacute;giu v Bratislave a po ro\u010dnej praxi pre&scaron;iel pracova\u0165 do Vojvodiny , kde zaopatroval tri ma\u010farsk&eacute; cirkevn&eacute;&nbsp;zbory. Najprv vydobyl vytvorenie ma\u010farsk&eacute;ho senior&aacute;tu &nbsp;&nbsp;v r&aacute;mci Slovenskej ECAV v Juhosl&aacute;vii, stal sa seniorom. To mu v&scaron;ak nesta\u010dilo ,r.&nbsp;1998&nbsp;&uacute;plne odtrhol ma\u010farsk&eacute; zbory z tejto cirkvi a vytvoril tzv. Kres\u0165ansk&uacute; ECAV v Srbsku &#8211; Vojvodine. S&aacute;m sa dal zvoli\u0165 za superintendenta a&nbsp;v ostatn&yacute;ch rokoch si osvojil&nbsp;titul biskupa. Robil rozbroje vo Vojvodine, p&iacute;sal ohov&aacute;ra\u010dsk&eacute; nepravdiv&eacute; \u010dl&aacute;nky o utl&aacute;\u010dan&iacute; ma\u010farsk&yacute;ch veriacich Slov&aacute;kmi a pod. Anga\u017eoval sa najm&auml; v ma\u010farsk&yacute;ch&nbsp;men&scaron;inov&yacute;ch organiz&aacute;ci&aacute;ch&nbsp;vo Vojvodine. Bol far&aacute;rom&nbsp;v Subotici. Za man\u017eelku mal Slovenku , tie\u017e far&aacute;rku. &nbsp;&nbsp;Pre &uacute;plnos\u0165 treba poveda\u0165, \u017ee cel&aacute; jeho separatistick&aacute; a nacionalistick&aacute; \u010dinnos\u0165 nena&scaron;la pochopenie v medzin&aacute;rodn&yacute;ch luter&aacute;nskych a ekumenick&yacute;ch organiz&aacute;ciach. Jeho cirkev neuznal ani SLZ.<\/p>\n<p>&nbsp;<\/p>\n","protected":false},"excerpt":{"rendered":"<p>Ako oznamuje port&aacute;l www.evangelikus.hu 7. septembra t.r. po kr&aacute;tkej chorobe zomrel v ma\u010farskom meste Kecskem&eacute;t &Aacute;rp&aacute;d Dolinsk&yacute; , ktor&yacute; sa narodil v cirkevnom zbore Gemer roku 1949 , vy&scaron;tudoval teol&oacute;giu v Bratislave a po ro\u010dnej praxi pre&scaron;iel pracova\u0165 do Vojvodiny , kde zaopatroval tri ma\u010farsk&eacute; cirkevn&eacute;&nbsp;zbory. Najprv vydobyl vytvorenie ma\u010farsk&eacute;ho senior&aacute;tu &nbsp;&nbsp;v r&aacute;mci Slovenskej ECAV &#8230; <a title=\"Zomrel Dolinsk\u00fd \u00c1rp\u00e1d\" class=\"read-more\" href=\"https:\/\/www.e-anjelik.sk\/index.php\/2012\/09\/10\/zomrel-dolinsky-arpad\/\" aria-label=\"Pre\u010d\u00edtajte si viac o Zomrel Dolinsk\u00fd \u00c1rp\u00e1d\">\u010c\u00edta\u0165 viac<\/a><\/p>\n","protected":false},"author":22,"featured_media":0,"comment_status":"open","ping_status":"open","sticky":false,"template":"","format":"standard","meta":{"footnotes":""},"categories":[9,10],"tags":[],"class_list":["post-4674","post","type-post","status-publish","format-standard","hentry","category-europa","category-zo-sveta"],"_links":{"self":[{"href":"https:\/\/www.e-anjelik.sk\/index.php\/wp-json\/wp\/v2\/posts\/4674","targetHints":{"allow":["GET"]}}],"collection":[{"href":"https:\/\/www.e-anjelik.sk\/index.php\/wp-json\/wp\/v2\/posts"}],"about":[{"href":"https:\/\/www.e-anjelik.sk\/index.php\/wp-json\/wp\/v2\/types\/post"}],"author":[{"embeddable":true,"href":"https:\/\/www.e-anjelik.sk\/index.php\/wp-json\/wp\/v2\/users\/22"}],"replies":[{"embeddable":true,"href":"https:\/\/www.e-anjelik.sk\/index.php\/wp-json\/wp\/v2\/comments?post=4674"}],"version-history":[{"count":0,"href":"https:\/\/www.e-anjelik.sk\/index.php\/wp-json\/wp\/v2\/posts\/4674\/revisions"}],"wp:attachment":[{"href":"https:\/\/www.e-anjelik.sk\/index.php\/wp-json\/wp\/v2\/media?parent=4674"}],"wp:term":[{"taxonomy":"category","embeddable":true,"href":"https:\/\/www.e-anjelik.sk\/index.php\/wp-json\/wp\/v2\/categories?post=4674"},{"taxonomy":"post_tag","embeddable":true,"href":"https:\/\/www.e-anjelik.sk\/index.php\/wp-json\/wp\/v2\/tags?post=4674"}],"curies":[{"name":"wp","href":"https:\/\/api.w.org\/{rel}","templated":true}]}}