{"id":4686,"date":"2012-09-13T09:19:43","date_gmt":"2012-09-13T09:19:43","guid":{"rendered":"http:\/\/e-anjelik.sk\/?p=4686"},"modified":"2012-09-13T09:19:43","modified_gmt":"2012-09-13T09:19:43","slug":"akych-fararov-potrebuju-cirkevnici","status":"publish","type":"post","link":"https:\/\/www.e-anjelik.sk\/index.php\/2012\/09\/13\/akych-fararov-potrebuju-cirkevnici\/","title":{"rendered":"Ak\u00fdch far\u00e1rov potrebuj\u00fa cirkevn\u00edci?"},"content":{"rendered":"<p>Nijak&eacute; in&eacute; povolanie nie je tak&eacute; rozmanit&eacute; ako duchovn&yacute;ch. Far&aacute;ri a far&aacute;rky maj&uacute; o.i. by\u0165: duchovn&iacute; pastieri, kazatelia a mana\u017eeri. Ale ak&yacute; druh pastorov potrebuj&uacute; cirkevn&iacute;ci? S touto ot&aacute;zkou sa zaober&aacute;&nbsp;Nemeck&yacute; de\u0148 far&aacute;rov\/iek v Hannoveri od 16. do&nbsp;18. septembra t.r. V predve\u010der jeho konania sa agent&uacute;ra idea obr&aacute;tila na prominentn&yacute;ch protestantov s ot&aacute;zkou: Ak&yacute;ch pastorov by&nbsp;ste si \u017eelali? V&auml;\u010d&scaron;ina odpovedala: mali by vyklada\u0165&nbsp;biblick&eacute; posolstvo bl&iacute;zko&nbsp;\u017eivotu a bl&iacute;zko \u013eu\u010fom.&nbsp;<\/p>\n<p>V r&aacute;mci EKD pracuje do 21.400 duchovn&yacute;ch. Z toho je asi tretina \u017eien. V Nemecku je \u010falej asi 14 tis&iacute;c katol&iacute;ckych, pravosl&aacute;vnych k\u0148azov&nbsp;a duchovn&yacute;ch z mal&yacute;ch protestantsk&yacute;ch denomin&aacute;ci&iacute;. &nbsp;Na De\u0148 far&aacute;rov, ktor&yacute; sa kon&aacute;va ka\u017ed&eacute; dva roky, o\u010dak&aacute;va sa &uacute;\u010das\u0165 asi 250 z&aacute;stupcov duchovn&eacute;ho stavu. Organizuje ho Spolok ev fart&aacute;rov a far&aacute;riek .M&aacute; 21 tis&iacute;c \u010dlenov, predsedom je Thomas Jakubowski.&nbsp;&nbsp;<\/p>\n<p>(<a href=\"http:\/\/www.idea.de\">www.idea.de<\/a>)<\/p>\n","protected":false},"excerpt":{"rendered":"<p>Nijak&eacute; in&eacute; povolanie nie je tak&eacute; rozmanit&eacute; ako duchovn&yacute;ch. Far&aacute;ri a far&aacute;rky maj&uacute; o.i. by\u0165: duchovn&iacute; pastieri, kazatelia a mana\u017eeri. Ale ak&yacute; druh pastorov potrebuj&uacute; cirkevn&iacute;ci? S touto ot&aacute;zkou sa zaober&aacute;&nbsp;Nemeck&yacute; de\u0148 far&aacute;rov\/iek v Hannoveri od 16. do&nbsp;18. septembra t.r. V predve\u010der jeho konania sa agent&uacute;ra idea obr&aacute;tila na prominentn&yacute;ch protestantov s ot&aacute;zkou: Ak&yacute;ch pastorov &#8230; <a title=\"Ak\u00fdch far\u00e1rov potrebuj\u00fa cirkevn\u00edci?\" class=\"read-more\" href=\"https:\/\/www.e-anjelik.sk\/index.php\/2012\/09\/13\/akych-fararov-potrebuju-cirkevnici\/\" aria-label=\"Pre\u010d\u00edtajte si viac o Ak\u00fdch far\u00e1rov potrebuj\u00fa cirkevn\u00edci?\">\u010c\u00edta\u0165 viac<\/a><\/p>\n","protected":false},"author":22,"featured_media":0,"comment_status":"open","ping_status":"open","sticky":false,"template":"","format":"standard","meta":{"footnotes":""},"categories":[1],"tags":[234],"class_list":["post-4686","post","type-post","status-publish","format-standard","hentry","category-adventna-modlitba","tag-zdruzenia-a-skupiny"],"_links":{"self":[{"href":"https:\/\/www.e-anjelik.sk\/index.php\/wp-json\/wp\/v2\/posts\/4686","targetHints":{"allow":["GET"]}}],"collection":[{"href":"https:\/\/www.e-anjelik.sk\/index.php\/wp-json\/wp\/v2\/posts"}],"about":[{"href":"https:\/\/www.e-anjelik.sk\/index.php\/wp-json\/wp\/v2\/types\/post"}],"author":[{"embeddable":true,"href":"https:\/\/www.e-anjelik.sk\/index.php\/wp-json\/wp\/v2\/users\/22"}],"replies":[{"embeddable":true,"href":"https:\/\/www.e-anjelik.sk\/index.php\/wp-json\/wp\/v2\/comments?post=4686"}],"version-history":[{"count":0,"href":"https:\/\/www.e-anjelik.sk\/index.php\/wp-json\/wp\/v2\/posts\/4686\/revisions"}],"wp:attachment":[{"href":"https:\/\/www.e-anjelik.sk\/index.php\/wp-json\/wp\/v2\/media?parent=4686"}],"wp:term":[{"taxonomy":"category","embeddable":true,"href":"https:\/\/www.e-anjelik.sk\/index.php\/wp-json\/wp\/v2\/categories?post=4686"},{"taxonomy":"post_tag","embeddable":true,"href":"https:\/\/www.e-anjelik.sk\/index.php\/wp-json\/wp\/v2\/tags?post=4686"}],"curies":[{"name":"wp","href":"https:\/\/api.w.org\/{rel}","templated":true}]}}