{"id":4687,"date":"2012-09-13T09:42:19","date_gmt":"2012-09-13T09:42:19","guid":{"rendered":"http:\/\/e-anjelik.sk\/?p=4687"},"modified":"2012-09-13T09:42:19","modified_gmt":"2012-09-13T09:42:19","slug":"festival-zivota-v-krakove","status":"publish","type":"post","link":"https:\/\/www.e-anjelik.sk\/index.php\/2012\/09\/13\/festival-zivota-v-krakove\/","title":{"rendered":"Festival \u017eivota v Krakove"},"content":{"rendered":"<p>15. a 16. septembra t.r. sa v po\u013eskom Krakove kon&aacute; najv&auml;\u010d&scaron;ie evanjeliza\u010dn&eacute; stretnutie pod n&aacute;zvom Festival \u017eivota. Akcia m&aacute; ekumenick&yacute; charakter, z&uacute;\u010dast\u0148uj&uacute; sa ho tak katol&iacute;cka ako aj in&eacute; historick&eacute; kres\u0165ansk&eacute; cirkvi. Vystupova\u0165 bud&uacute; popredn&iacute; kres\u0165ansk&iacute; spev&aacute;ci a hudobn&iacute;ci z domova i zo zahrani\u010dia. Osobitn&yacute; program bude vydelen&yacute; pre deti. Hlavn&yacute;m re\u010dn&iacute;kom bude evanjeliz&aacute;tor z Brit&aacute;nie David Hathaway.<\/p>\n<p>(festyvalzycia.org)<\/p>\n","protected":false},"excerpt":{"rendered":"<p>15. a 16. septembra t.r. sa v po\u013eskom Krakove kon&aacute; najv&auml;\u010d&scaron;ie evanjeliza\u010dn&eacute; stretnutie pod n&aacute;zvom Festival \u017eivota. Akcia m&aacute; ekumenick&yacute; charakter, z&uacute;\u010dast\u0148uj&uacute; sa ho tak katol&iacute;cka ako aj in&eacute; historick&eacute; kres\u0165ansk&eacute; cirkvi. Vystupova\u0165 bud&uacute; popredn&iacute; kres\u0165ansk&iacute; spev&aacute;ci a hudobn&iacute;ci z domova i zo zahrani\u010dia. Osobitn&yacute; program bude vydelen&yacute; pre deti. Hlavn&yacute;m re\u010dn&iacute;kom bude evanjeliz&aacute;tor z &#8230; <a title=\"Festival \u017eivota v Krakove\" class=\"read-more\" href=\"https:\/\/www.e-anjelik.sk\/index.php\/2012\/09\/13\/festival-zivota-v-krakove\/\" aria-label=\"Pre\u010d\u00edtajte si viac o Festival \u017eivota v Krakove\">\u010c\u00edta\u0165 viac<\/a><\/p>\n","protected":false},"author":22,"featured_media":0,"comment_status":"open","ping_status":"open","sticky":false,"template":"","format":"standard","meta":{"footnotes":""},"categories":[2],"tags":[234],"class_list":["post-4687","post","type-post","status-publish","format-standard","hentry","category-ekumena","tag-zdruzenia-a-skupiny"],"_links":{"self":[{"href":"https:\/\/www.e-anjelik.sk\/index.php\/wp-json\/wp\/v2\/posts\/4687","targetHints":{"allow":["GET"]}}],"collection":[{"href":"https:\/\/www.e-anjelik.sk\/index.php\/wp-json\/wp\/v2\/posts"}],"about":[{"href":"https:\/\/www.e-anjelik.sk\/index.php\/wp-json\/wp\/v2\/types\/post"}],"author":[{"embeddable":true,"href":"https:\/\/www.e-anjelik.sk\/index.php\/wp-json\/wp\/v2\/users\/22"}],"replies":[{"embeddable":true,"href":"https:\/\/www.e-anjelik.sk\/index.php\/wp-json\/wp\/v2\/comments?post=4687"}],"version-history":[{"count":0,"href":"https:\/\/www.e-anjelik.sk\/index.php\/wp-json\/wp\/v2\/posts\/4687\/revisions"}],"wp:attachment":[{"href":"https:\/\/www.e-anjelik.sk\/index.php\/wp-json\/wp\/v2\/media?parent=4687"}],"wp:term":[{"taxonomy":"category","embeddable":true,"href":"https:\/\/www.e-anjelik.sk\/index.php\/wp-json\/wp\/v2\/categories?post=4687"},{"taxonomy":"post_tag","embeddable":true,"href":"https:\/\/www.e-anjelik.sk\/index.php\/wp-json\/wp\/v2\/tags?post=4687"}],"curies":[{"name":"wp","href":"https:\/\/api.w.org\/{rel}","templated":true}]}}