{"id":4689,"date":"2012-09-13T10:43:50","date_gmt":"2012-09-13T10:43:50","guid":{"rendered":"http:\/\/e-anjelik.sk\/?p=4689"},"modified":"2012-09-13T10:43:50","modified_gmt":"2012-09-13T10:43:50","slug":"delegacia-elca-na-navsteve-ciny","status":"publish","type":"post","link":"https:\/\/www.e-anjelik.sk\/index.php\/2012\/09\/13\/delegacia-elca-na-navsteve-ciny\/","title":{"rendered":"Deleg\u00e1cia ELCA na n\u00e1v\u0161teve \u010c\u00edny"},"content":{"rendered":"<p>Predsedaj&uacute;ci biskup Evanjelicko-luter&aacute;nskej cirkvi v Amerike (ELCA) Mark Hanson sa v d\u0148och 11. a\u017e 17. septembra t.r. stretol s ved&uacute;cimi predstavite\u013emi protestantsk&yacute;ch cirkv&iacute; v \u010c&iacute;ne, a to v meste &Scaron;anghaji a s region&aacute;lnymi z&aacute;stupcami privincie Se\u010duan. Predmetom rozhovorov bud&uacute; ot&aacute;zky evanjeliz&aacute;cie, spolupr&aacute;ce v soci&aacute;lnej oblasti, najm&auml; pomoci ob\u010danom v katastrof&aacute;ch, ako aj v oblasti vzdel&aacute;vania. Biskup Hanson bude k&aacute;za\u0165 v cirkevnom zbore Luzhoun, kde si prezrie aj nemocnicu a stredisko pre handikepovan&yacute;ch. Biskupa po \u010c&iacute;ne sprev&aacute;dzaj&uacute;: Rev. Rafael Malpica Padilla, v&yacute;konn&yacute; riadite\u013e pre glob&aacute;lnu misiu ELCA a Rev. Franklin Ishida, riadiaci slu\u017ebu ELCA pre &aacute;zijsko-tichomorsk&uacute; oblas\u0165.&nbsp;<\/p>\n<p>(<a href=\"http:\/\/www.elca.org\">www.elca.org<\/a>)<\/p>\n","protected":false},"excerpt":{"rendered":"<p>Predsedaj&uacute;ci biskup Evanjelicko-luter&aacute;nskej cirkvi v Amerike (ELCA) Mark Hanson sa v d\u0148och 11. a\u017e 17. septembra t.r. stretol s ved&uacute;cimi predstavite\u013emi protestantsk&yacute;ch cirkv&iacute; v \u010c&iacute;ne, a to v meste &Scaron;anghaji a s region&aacute;lnymi z&aacute;stupcami privincie Se\u010duan. Predmetom rozhovorov bud&uacute; ot&aacute;zky evanjeliz&aacute;cie, spolupr&aacute;ce v soci&aacute;lnej oblasti, najm&auml; pomoci ob\u010danom v katastrof&aacute;ch, ako aj v oblasti vzdel&aacute;vania. &#8230; <a title=\"Deleg\u00e1cia ELCA na n\u00e1v\u0161teve \u010c\u00edny\" class=\"read-more\" href=\"https:\/\/www.e-anjelik.sk\/index.php\/2012\/09\/13\/delegacia-elca-na-navsteve-ciny\/\" aria-label=\"Pre\u010d\u00edtajte si viac o Deleg\u00e1cia ELCA na n\u00e1v\u0161teve \u010c\u00edny\">\u010c\u00edta\u0165 viac<\/a><\/p>\n","protected":false},"author":22,"featured_media":0,"comment_status":"open","ping_status":"open","sticky":false,"template":"","format":"standard","meta":{"footnotes":""},"categories":[46,16,10],"tags":[],"class_list":["post-4689","post","type-post","status-publish","format-standard","hentry","category-amerika","category-azia","category-zo-sveta"],"_links":{"self":[{"href":"https:\/\/www.e-anjelik.sk\/index.php\/wp-json\/wp\/v2\/posts\/4689","targetHints":{"allow":["GET"]}}],"collection":[{"href":"https:\/\/www.e-anjelik.sk\/index.php\/wp-json\/wp\/v2\/posts"}],"about":[{"href":"https:\/\/www.e-anjelik.sk\/index.php\/wp-json\/wp\/v2\/types\/post"}],"author":[{"embeddable":true,"href":"https:\/\/www.e-anjelik.sk\/index.php\/wp-json\/wp\/v2\/users\/22"}],"replies":[{"embeddable":true,"href":"https:\/\/www.e-anjelik.sk\/index.php\/wp-json\/wp\/v2\/comments?post=4689"}],"version-history":[{"count":0,"href":"https:\/\/www.e-anjelik.sk\/index.php\/wp-json\/wp\/v2\/posts\/4689\/revisions"}],"wp:attachment":[{"href":"https:\/\/www.e-anjelik.sk\/index.php\/wp-json\/wp\/v2\/media?parent=4689"}],"wp:term":[{"taxonomy":"category","embeddable":true,"href":"https:\/\/www.e-anjelik.sk\/index.php\/wp-json\/wp\/v2\/categories?post=4689"},{"taxonomy":"post_tag","embeddable":true,"href":"https:\/\/www.e-anjelik.sk\/index.php\/wp-json\/wp\/v2\/tags?post=4689"}],"curies":[{"name":"wp","href":"https:\/\/api.w.org\/{rel}","templated":true}]}}