{"id":4692,"date":"2012-09-14T08:46:31","date_gmt":"2012-09-14T08:46:31","guid":{"rendered":"http:\/\/e-anjelik.sk\/?p=4692"},"modified":"2012-09-14T08:46:31","modified_gmt":"2012-09-14T08:46:31","slug":"ateisti-v-polsku-sa-aktivizuju-proti-krestanom","status":"publish","type":"post","link":"https:\/\/www.e-anjelik.sk\/index.php\/2012\/09\/14\/ateisti-v-polsku-sa-aktivizuju-proti-krestanom\/","title":{"rendered":"Ateisti v Po\u013esku sa aktivizuj\u00fa proti kres\u0165anom"},"content":{"rendered":"<p>V Po\u013esku sa aktivizuj&uacute; ateisti a dv&iacute;haj&uacute; hlas proti kres\u0165anom, hlavne proti katol&iacute;ckej cirkvi. V niektor&yacute;ch mest&aacute;ch vyvesili svoje plag&aacute;ty s ateistickou propagandou. S&uacute; na nich slogany: Nezab&iacute;jam, nekradnem, never&iacute;m. Alebo: Never&iacute;&scaron; v Boha? Nie si s&aacute;m. Cie\u013eom je obmedzi\u0165 financovanie katol&iacute;ckej cirkvi zo &scaron;t&aacute;tneho rozpo\u010dtu a obmedzi\u0165 v&yacute;u\u010dbu n&aacute;bo\u017eenstva v &scaron;t&aacute;tnych &scaron;kol&aacute;ch a &scaron;k&ocirc;lkach. Konzervat&iacute;vni politici pova\u017euj&uacute; t&uacute;to kampa\u0148 ako \u010das\u0165 programu za obmedzenie vplyvu cirkvi vo verejnosti. Z 38,5 mili&oacute;na obyvate\u013eov sa ku r&iacute;m.&nbsp;kat. cirkvi hl&aacute;si 86%.Vy&scaron;e pol mili&oacute;na je pravosl&aacute;vnych a okolo 75 tis&iacute;c luter&aacute;nov. Moslimov je do 38 tis&iacute;c.<\/p>\n<p>(<a href=\"http:\/\/www.idea.de\">www.idea.de<\/a>)<\/p>\n","protected":false},"excerpt":{"rendered":"<p>V Po\u013esku sa aktivizuj&uacute; ateisti a dv&iacute;haj&uacute; hlas proti kres\u0165anom, hlavne proti katol&iacute;ckej cirkvi. V niektor&yacute;ch mest&aacute;ch vyvesili svoje plag&aacute;ty s ateistickou propagandou. S&uacute; na nich slogany: Nezab&iacute;jam, nekradnem, never&iacute;m. Alebo: Never&iacute;&scaron; v Boha? Nie si s&aacute;m. Cie\u013eom je obmedzi\u0165 financovanie katol&iacute;ckej cirkvi zo &scaron;t&aacute;tneho rozpo\u010dtu a obmedzi\u0165 v&yacute;u\u010dbu n&aacute;bo\u017eenstva v &scaron;t&aacute;tnych &scaron;kol&aacute;ch a &scaron;k&ocirc;lkach. &#8230; <a title=\"Ateisti v Po\u013esku sa aktivizuj\u00fa proti kres\u0165anom\" class=\"read-more\" href=\"https:\/\/www.e-anjelik.sk\/index.php\/2012\/09\/14\/ateisti-v-polsku-sa-aktivizuju-proti-krestanom\/\" aria-label=\"Pre\u010d\u00edtajte si viac o Ateisti v Po\u013esku sa aktivizuj\u00fa proti kres\u0165anom\">\u010c\u00edta\u0165 viac<\/a><\/p>\n","protected":false},"author":22,"featured_media":0,"comment_status":"open","ping_status":"open","sticky":false,"template":"","format":"standard","meta":{"footnotes":""},"categories":[1],"tags":[234],"class_list":["post-4692","post","type-post","status-publish","format-standard","hentry","category-adventna-modlitba","tag-zdruzenia-a-skupiny"],"_links":{"self":[{"href":"https:\/\/www.e-anjelik.sk\/index.php\/wp-json\/wp\/v2\/posts\/4692","targetHints":{"allow":["GET"]}}],"collection":[{"href":"https:\/\/www.e-anjelik.sk\/index.php\/wp-json\/wp\/v2\/posts"}],"about":[{"href":"https:\/\/www.e-anjelik.sk\/index.php\/wp-json\/wp\/v2\/types\/post"}],"author":[{"embeddable":true,"href":"https:\/\/www.e-anjelik.sk\/index.php\/wp-json\/wp\/v2\/users\/22"}],"replies":[{"embeddable":true,"href":"https:\/\/www.e-anjelik.sk\/index.php\/wp-json\/wp\/v2\/comments?post=4692"}],"version-history":[{"count":0,"href":"https:\/\/www.e-anjelik.sk\/index.php\/wp-json\/wp\/v2\/posts\/4692\/revisions"}],"wp:attachment":[{"href":"https:\/\/www.e-anjelik.sk\/index.php\/wp-json\/wp\/v2\/media?parent=4692"}],"wp:term":[{"taxonomy":"category","embeddable":true,"href":"https:\/\/www.e-anjelik.sk\/index.php\/wp-json\/wp\/v2\/categories?post=4692"},{"taxonomy":"post_tag","embeddable":true,"href":"https:\/\/www.e-anjelik.sk\/index.php\/wp-json\/wp\/v2\/tags?post=4692"}],"curies":[{"name":"wp","href":"https:\/\/api.w.org\/{rel}","templated":true}]}}