{"id":4699,"date":"2012-09-17T07:34:34","date_gmt":"2012-09-17T07:34:34","guid":{"rendered":"http:\/\/e-anjelik.sk\/?p=4699"},"modified":"2012-09-17T07:34:34","modified_gmt":"2012-09-17T07:34:34","slug":"17-september","status":"publish","type":"post","link":"https:\/\/www.e-anjelik.sk\/index.php\/2012\/09\/17\/17-september\/","title":{"rendered":"17. SEPTEMBER"},"content":{"rendered":"<p>&nbsp;<span class=\"Apple-style-span\" style=\"font-family: Helvetica; font-size: 16px; line-height: normal; \"><i>&nbsp; &nbsp; &nbsp; &nbsp; &nbsp; &nbsp; &nbsp; &nbsp; &nbsp; &nbsp; &nbsp; &nbsp; &nbsp; &nbsp; &nbsp; &nbsp; &nbsp; &nbsp; &nbsp; &nbsp; &nbsp; &nbsp; &nbsp; &nbsp; &nbsp; &nbsp; &nbsp; &nbsp; &nbsp;17. SEPTEMBER<\/i><\/span><\/p>\n<p style=\"margin: 0.0px 0.0px 0.0px 0.0px; font: 16.0px Helvetica; min-height: 19.0px\">&nbsp;<\/p>\n<p style=\"margin: 0.0px 0.0px 0.0px 0.0px; font: 16.0px Helvetica\"><span style=\"letter-spacing: 0.0px\"><b><i>Dovo\u013ete de\u0165om prich&aacute;dza\u0165 ku mne a nebr&aacute;\u0148te im, lebo tak&yacute;ch je kr&aacute;\u013eovstvo Bo\u017eie.<\/i><\/b><\/span><\/p>\n<p style=\"margin: 0.0px 0.0px 0.0px 0.0px; font: 16.0px Helvetica; min-height: 19.0px\">&nbsp;<\/p>\n<p style=\"margin: 0.0px 0.0px 0.0px 0.0px; font: 16.0px Helvetica\"><span style=\"letter-spacing: 0.0px\"><i>&nbsp; &nbsp; &nbsp; &nbsp; &nbsp; &nbsp; &nbsp; &nbsp; &nbsp; &nbsp; &nbsp; &nbsp; &nbsp; &nbsp; &nbsp; &nbsp; &nbsp; &nbsp; &nbsp; &nbsp; &nbsp; &nbsp; &nbsp; &nbsp; &nbsp; &nbsp; &nbsp; &nbsp; &nbsp; &nbsp; &nbsp; &nbsp; &nbsp; &nbsp; &nbsp; &nbsp; &nbsp; &nbsp; &nbsp; &nbsp; &nbsp; &nbsp; &nbsp; &nbsp; &nbsp; &nbsp; &nbsp; &nbsp; &nbsp; &nbsp; &nbsp; &nbsp; &nbsp; &nbsp; &nbsp;Marek 10, 14<\/i><\/span><\/p>\n<p style=\"margin: 0.0px 0.0px 0.0px 0.0px; font: 16.0px Helvetica; min-height: 19.0px\">&nbsp;<\/p>\n<p style=\"margin: 0.0px 0.0px 0.0px 0.0px; font: 16.0px Helvetica\"><span style=\"letter-spacing: 0.0px\">&nbsp;&nbsp; &nbsp; Tvrd&iacute;&scaron;, \u017ee deti nie s&uacute; e&scaron;te rozumove vyspel&eacute;; preto nedok&aacute;\u017eu veri\u0165.<\/span><\/p>\n<p style=\"margin: 0.0px 0.0px 0.0px 0.0px; font: 16.0px Helvetica\"><span style=\"letter-spacing: 0.0px\">&nbsp; &nbsp; &nbsp; Povedz mi, je to vyjadren&eacute; kres\u0165ansky, ke\u010f o Bo\u017e&iacute;ch \u010dinoch usudzujeme pod\u013ea n&aacute;&scaron;ho zdania? Nu\u017e \u010di si ty pr&aacute;ve rozumom dospel k viere a deti bez svojho rozumu k nej nedospej&uacute;?<\/span><\/p>\n<p style=\"margin: 0.0px 0.0px 0.0px 0.0px; font: 16.0px Helvetica\"><span style=\"letter-spacing: 0.0px\">&nbsp;&nbsp; &nbsp; Mil&yacute;, \u010do dobr&eacute;ho rob&iacute; rozum pre vieru a pre Slovo Bo\u017eie? \u010ci to nie je tak, \u017ee on sa viere a Bo\u017eiemu slovu v najvy&scaron;&scaron;ej miere protiv&iacute;? N&iacute;m nikto k viere dospie\u0165 nem&ocirc;\u017ee, ani Bo\u017eie Slovo strpie\u0165 nedok&aacute;\u017ee, zaslepuje ich a potupuje, preto \u010dlovek mu mus&iacute; odumrie\u0165 a sta\u0165 sa nerozumn&yacute;m, &aacute;no, tak&yacute;m nem&uacute;drym a nech&aacute;pav&yacute;m ako mali\u010dk&eacute; die\u0165a. \u010ci sa inak m&ocirc;\u017ee sta\u0165 veriacim a &uacute;\u010dastn&yacute;m Bo\u017eej milosti, ako hovor&iacute; Kristus u Mat&uacute;&scaron;a 18, 3 ? \/<i> &ldquo;Veru hovor&iacute;m v&aacute;m: Ak sa neobr&aacute;tite a nebudete ako deti, nikdy nevojdete do kr&aacute;\u013eovstva nebesk&eacute;ho&rdquo;.\/ &nbsp;<\/i><\/span><\/p>\n<p style=\"margin: 0.0px 0.0px 0.0px 0.0px; font: 16.0px Helvetica; min-height: 19.0px\">&nbsp;<\/p>\n<p style=\"margin: 0.0px 0.0px 0.0px 0.0px; font: 16.0px Helvetica\"><span style=\"letter-spacing: 0.0px\"><i>&nbsp; &nbsp; &nbsp; \u010co za ruzum maj&uacute; deti, ktor&eacute; Kristus vinie k srdcu? Pre\u010do ich vol&aacute; k sebe a po\u017eehn&aacute;va? <\/i><b><i>Odkia\u013e maj&uacute; deti vieru, ktor&aacute; ich rob&iacute; de\u0165mi Kr&aacute;\u013eovstva nebesk&eacute;ho?<\/i><\/b><\/span><\/p>\n<p style=\"margin: 0.0px 0.0px 0.0px 0.0px; font: 16.0px Helvetica\"><span style=\"letter-spacing: 0.0px\"><b><i>&nbsp;&nbsp; &nbsp; &nbsp; &Aacute;no, pr&aacute;ve preto, \u017ee e&scaron;te nemaj&uacute; vyspel&yacute; rozum a s&uacute; nerozumn&eacute;, s&uacute; vhodnej&scaron;ie pre pre vieru ako star&iacute; a m&uacute;dri, ktor&yacute;m rozum stoj&iacute; v ceste, ktor&yacute; nechce svoju ve\u013ek&uacute; hlavu pretla\u010di\u0165 &uacute;zkymi dverami.<\/i><\/b><\/span><\/p>\n<p style=\"margin: 0.0px 0.0px 0.0px 0.0px; font: 16.0px Helvetica; min-height: 19.0px\">&nbsp;<\/p>\n<p style=\"margin: 0.0px 0.0px 0.0px 0.0px; font: 16.0px Helvetica\"><span style=\"letter-spacing: 0.0px\"><b><i>&nbsp; &nbsp; &nbsp; &nbsp; &nbsp; &nbsp; &nbsp; &nbsp; &nbsp; &nbsp; &nbsp; &nbsp; &nbsp; &nbsp; &nbsp;&nbsp;<\/i><\/b><i> Martin Luther: Smerovn&iacute;k kres\u0165anskej cesty<\/i><\/span><\/p>\n<div><span style=\"letter-spacing: 0.0px\"><i><br \/>\n<\/i><\/span><\/div>\n","protected":false},"excerpt":{"rendered":"<p>&nbsp;&nbsp; &nbsp; &nbsp; &nbsp; &nbsp; &nbsp; &nbsp; &nbsp; &nbsp; &nbsp; &nbsp; &nbsp; &nbsp; &nbsp; &nbsp; &nbsp; &nbsp; &nbsp; &nbsp; &nbsp; &nbsp; &nbsp; &nbsp; &nbsp; &nbsp; &nbsp; &nbsp; &nbsp; &nbsp;17. SEPTEMBER &nbsp; Dovo\u013ete de\u0165om prich&aacute;dza\u0165 ku mne a nebr&aacute;\u0148te im, lebo tak&yacute;ch je kr&aacute;\u013eovstvo Bo\u017eie. &nbsp; &nbsp; &nbsp; &nbsp; &nbsp; &nbsp; &nbsp; &nbsp; &nbsp; &nbsp; &nbsp; &#8230; <a title=\"17. SEPTEMBER\" class=\"read-more\" href=\"https:\/\/www.e-anjelik.sk\/index.php\/2012\/09\/17\/17-september\/\" aria-label=\"Pre\u010d\u00edtajte si viac o 17. SEPTEMBER\">\u010c\u00edta\u0165 viac<\/a><\/p>\n","protected":false},"author":4,"featured_media":0,"comment_status":"open","ping_status":"open","sticky":false,"template":"","format":"standard","meta":{"footnotes":""},"categories":[1],"tags":[],"class_list":["post-4699","post","type-post","status-publish","format-standard","hentry","category-adventna-modlitba"],"_links":{"self":[{"href":"https:\/\/www.e-anjelik.sk\/index.php\/wp-json\/wp\/v2\/posts\/4699","targetHints":{"allow":["GET"]}}],"collection":[{"href":"https:\/\/www.e-anjelik.sk\/index.php\/wp-json\/wp\/v2\/posts"}],"about":[{"href":"https:\/\/www.e-anjelik.sk\/index.php\/wp-json\/wp\/v2\/types\/post"}],"author":[{"embeddable":true,"href":"https:\/\/www.e-anjelik.sk\/index.php\/wp-json\/wp\/v2\/users\/4"}],"replies":[{"embeddable":true,"href":"https:\/\/www.e-anjelik.sk\/index.php\/wp-json\/wp\/v2\/comments?post=4699"}],"version-history":[{"count":0,"href":"https:\/\/www.e-anjelik.sk\/index.php\/wp-json\/wp\/v2\/posts\/4699\/revisions"}],"wp:attachment":[{"href":"https:\/\/www.e-anjelik.sk\/index.php\/wp-json\/wp\/v2\/media?parent=4699"}],"wp:term":[{"taxonomy":"category","embeddable":true,"href":"https:\/\/www.e-anjelik.sk\/index.php\/wp-json\/wp\/v2\/categories?post=4699"},{"taxonomy":"post_tag","embeddable":true,"href":"https:\/\/www.e-anjelik.sk\/index.php\/wp-json\/wp\/v2\/tags?post=4699"}],"curies":[{"name":"wp","href":"https:\/\/api.w.org\/{rel}","templated":true}]}}