{"id":4702,"date":"2012-09-17T10:09:54","date_gmt":"2012-09-17T10:09:54","guid":{"rendered":"http:\/\/e-anjelik.sk\/?p=4702"},"modified":"2012-09-17T10:09:54","modified_gmt":"2012-09-17T10:09:54","slug":"cielom-ekumeny-nie-je-jednotna-cirkev","status":"publish","type":"post","link":"https:\/\/www.e-anjelik.sk\/index.php\/2012\/09\/17\/cielom-ekumeny-nie-je-jednotna-cirkev\/","title":{"rendered":"Cie\u013eom ekum\u00e9ny nie je jednotn\u00e1 cirkev"},"content":{"rendered":"<p>Pracovn&eacute; spolo\u010denstvo kres\u0165ansk&yacute;ch cirkv&iacute; v Nemecku&nbsp; (ACK), obdoba na&scaron;ej ERC, pozdravilo v&yacute;zvu prominentn&yacute;ch kres\u0165anov za jednotu. Cie\u013eom ale nem&aacute; by\u0165 ak&aacute;si jednotn&aacute; cirkev, v ktorej bud&uacute; z&iacute;skan&eacute; teologick&eacute; rozdiely prehliadnut&eacute;, vyhl&aacute;silo predsedn&iacute;ctvo ACK v piatok 14. sept. vo Frankfurte nad Mohanom. ACK reprezentuje v&auml;\u010d&scaron;inu kres\u0165anov &#8211; asi 50 mili&oacute;nov &#8211; v Nemecku. Cirkv&aacute;m ide o to, \u010do v&yacute;zva zo za\u010d. septembra hovor&iacute; ako o &quot;\u017eitej jednote&quot; , cirkvi ale e&scaron;te nepoznaj&uacute; odpove\u010f, ako zladi\u0165 jednotu a historicky z&iacute;skan&uacute; r&ocirc;znos\u0165 . \u017dit&aacute; jednota sa nevia\u017ee iba na &scaron;trukt&uacute;ry, ale vyjadruje sa aj t&yacute;m, \u017ee &quot;\u013eudia spolo\u010dne vyzn&aacute;vaj&uacute; Krista a svoju vieru odovzd&aacute;vaj&uacute; in&yacute;m.&quot; V ekum&eacute;ne ide aj o \u010fal&scaron;ie men&scaron;inov&eacute; cirkvi v Nemecku &#8211; slobodn&eacute; cirkvi a pravosl&aacute;vne. Tak&yacute;ch cirkv&iacute; je v s&uacute;\u010dasnosti 17. V&yacute;zvou &quot;Ekum&eacute;na teraz &quot; chc&uacute; katol&iacute;cki a evanjelick&iacute; prominenti venova\u0165 viacej pozornosti cirkevn&yacute;m b&aacute;zam proti skostnaten&yacute;m &scaron;trukt&uacute;ram. Medzi signat&aacute;rmi s&uacute; o.i. aj: tv moder&aacute;tor Guenther Jauch, spisovate\u013e Arnold Stadler, em. spolkov&yacute; prezident Richard von Weizs&auml;cker,politici SPD a CD&Uacute;.<\/p>\n<p>(<a href=\"http:\/\/www.ekd.de\">www.ekd.de<\/a>)<\/p>\n","protected":false},"excerpt":{"rendered":"<p>Pracovn&eacute; spolo\u010denstvo kres\u0165ansk&yacute;ch cirkv&iacute; v Nemecku&nbsp; (ACK), obdoba na&scaron;ej ERC, pozdravilo v&yacute;zvu prominentn&yacute;ch kres\u0165anov za jednotu. Cie\u013eom ale nem&aacute; by\u0165 ak&aacute;si jednotn&aacute; cirkev, v ktorej bud&uacute; z&iacute;skan&eacute; teologick&eacute; rozdiely prehliadnut&eacute;, vyhl&aacute;silo predsedn&iacute;ctvo ACK v piatok 14. sept. vo Frankfurte nad Mohanom. ACK reprezentuje v&auml;\u010d&scaron;inu kres\u0165anov &#8211; asi 50 mili&oacute;nov &#8211; v Nemecku. Cirkv&aacute;m ide o &#8230; <a title=\"Cie\u013eom ekum\u00e9ny nie je jednotn\u00e1 cirkev\" class=\"read-more\" href=\"https:\/\/www.e-anjelik.sk\/index.php\/2012\/09\/17\/cielom-ekumeny-nie-je-jednotna-cirkev\/\" aria-label=\"Pre\u010d\u00edtajte si viac o Cie\u013eom ekum\u00e9ny nie je jednotn\u00e1 cirkev\">\u010c\u00edta\u0165 viac<\/a><\/p>\n","protected":false},"author":22,"featured_media":0,"comment_status":"open","ping_status":"open","sticky":false,"template":"","format":"standard","meta":{"footnotes":""},"categories":[2],"tags":[],"class_list":["post-4702","post","type-post","status-publish","format-standard","hentry","category-ekumena"],"_links":{"self":[{"href":"https:\/\/www.e-anjelik.sk\/index.php\/wp-json\/wp\/v2\/posts\/4702","targetHints":{"allow":["GET"]}}],"collection":[{"href":"https:\/\/www.e-anjelik.sk\/index.php\/wp-json\/wp\/v2\/posts"}],"about":[{"href":"https:\/\/www.e-anjelik.sk\/index.php\/wp-json\/wp\/v2\/types\/post"}],"author":[{"embeddable":true,"href":"https:\/\/www.e-anjelik.sk\/index.php\/wp-json\/wp\/v2\/users\/22"}],"replies":[{"embeddable":true,"href":"https:\/\/www.e-anjelik.sk\/index.php\/wp-json\/wp\/v2\/comments?post=4702"}],"version-history":[{"count":0,"href":"https:\/\/www.e-anjelik.sk\/index.php\/wp-json\/wp\/v2\/posts\/4702\/revisions"}],"wp:attachment":[{"href":"https:\/\/www.e-anjelik.sk\/index.php\/wp-json\/wp\/v2\/media?parent=4702"}],"wp:term":[{"taxonomy":"category","embeddable":true,"href":"https:\/\/www.e-anjelik.sk\/index.php\/wp-json\/wp\/v2\/categories?post=4702"},{"taxonomy":"post_tag","embeddable":true,"href":"https:\/\/www.e-anjelik.sk\/index.php\/wp-json\/wp\/v2\/tags?post=4702"}],"curies":[{"name":"wp","href":"https:\/\/api.w.org\/{rel}","templated":true}]}}