{"id":4707,"date":"2012-09-18T20:28:59","date_gmt":"2012-09-18T20:28:59","guid":{"rendered":"http:\/\/e-anjelik.sk\/?p=4707"},"modified":"2012-09-18T20:28:59","modified_gmt":"2012-09-18T20:28:59","slug":"dovolte-dietkam-prichadzat-ku-mne-a-nebrante-im","status":"publish","type":"post","link":"https:\/\/www.e-anjelik.sk\/index.php\/2012\/09\/18\/dovolte-dietkam-prichadzat-ku-mne-a-nebrante-im\/","title":{"rendered":"Dovo\u013ete dietkam prich\u00e1dza\u0165 ku mne a nebr\u00e1\u0148te im!&#8230;"},"content":{"rendered":"<p>&nbsp;<b>&nbsp; &nbsp; &nbsp; &nbsp; &nbsp; &nbsp; &nbsp; &nbsp; &nbsp; &nbsp; &nbsp; &nbsp; &nbsp; &nbsp; &nbsp; &nbsp; &nbsp; &nbsp; &nbsp; &nbsp;Dovo\u013ete dietkam prich&aacute;dza\u0165 ku mne a nebr&aacute;\u0148te im!&#8230;<\/b><\/p>\n<p style=\"margin: 0.0px 0.0px 0.0px 0.0px; font: 16.0px Helvetica; min-height: 19.0px\">&nbsp;<\/p>\n<p style=\"margin: 0.0px 0.0px 0.0px 0.0px; font: 16.0px Helvetica\"><span style=\"letter-spacing: 0.0px\"><b>Mk 10, 13- 16:<\/b><\/span><\/p>\n<p style=\"margin: 0.0px 0.0px 0.0px 0.0px; font: 16.0px Helvetica; min-height: 19.0px\">&nbsp;<\/p>\n<p style=\"margin: 0.0px 0.0px 0.0px 0.0px; font: 16.0px Helvetica\"><span style=\"letter-spacing: 0.0px\"><i>&nbsp;&nbsp; &nbsp; &ldquo;Prin&aacute;&scaron;ali k Nemu dietky, aby sa ich dot&yacute;kal; ale u\u010den&iacute;ci im dohov&aacute;rali. (14) Ke\u010f to Je\u017ei&scaron; videl, namrzel sa a povedal im: Dovo\u013ete dietkam prich&aacute;dza\u0165 ku mne a nebr&aacute;\u0148te im, lebo tak&yacute;ch je kr&aacute;\u013eovstvo Bo\u017eie. (15) Veru, v&aacute;m hovor&iacute;m: Kto nepr&iacute;jme kr&aacute;\u013eovstvo Bo\u017eie ako die\u0165a, nikdy nevojde do\u0148. (16) A bral ich do n&aacute;ru\u010dia, kl&aacute;dol ruky na ne a po\u017eehn&aacute;val ich.&rdquo;&nbsp; Amen<\/i><\/span><\/p>\n<p style=\"margin: 0.0px 0.0px 0.0px 0.0px; font: 16.0px Helvetica; min-height: 19.0px\">&nbsp;<\/p>\n<p style=\"margin: 0.0px 0.0px 0.0px 0.0px; font: 16.0px Helvetica\"><span style=\"letter-spacing: 0.0px\">&nbsp;&nbsp; &nbsp; &nbsp; &nbsp; &nbsp; &nbsp; N&aacute;bo\u017en&eacute; kres\u0165ansk&eacute; zhroma\u017edenie,&nbsp; bratia&nbsp; a sestry v&nbsp; P&aacute;novi Je\u017ei&scaron;ovi Kristovi!<\/span><\/p>\n<p style=\"margin: 0.0px 0.0px 0.0px 0.0px; font: 16.0px Helvetica; min-height: 19.0px\">&nbsp;<\/p>\n<p style=\"margin: 0.0px 0.0px 0.0px 0.0px; font: 16.0px Helvetica\"><span style=\"letter-spacing: 0.0px\">&nbsp;&nbsp; &nbsp; <b>Hodov&aacute; nede\u013ea v Podbran\u010di<\/b>, ktor&uacute; tu sv&auml;t&iacute;me v\u017edy v 13.nede\u013eu po Sv&auml;tej Trojici, pripadla v tomto roku na za\u010diatok septembra (2.9), ke\u010f za\u010d&iacute;na nov&yacute; &scaron;kolsk&yacute; rok, ktor&yacute; bude zajtra pre na&scaron;e deti a vn&uacute;\u010dat&aacute; sl&aacute;vnostne zah&aacute;jen&yacute;.&nbsp;<\/span><span style=\"letter-spacing: 0.0px\">&ldquo;Hody&rdquo; &#8211;<b>Pamiatku posv&auml;tenia prvej cirkevnej &scaron;koly,<\/b> ktor&uacute; si tu dnes pripom&iacute;name, je pomerne mlad&aacute; udalos\u0165 v \u017eivote tunaj&scaron;ej dc&eacute;rocirkvi. Mo\u017eno poveda\u0165, \u017ee je prekvapuj&uacute;ce, \u017ee e&scaron;te pred 129.rokmi tu \u017eiadna &scaron;kola nebola!? Nebolo tu ani &scaron;koly obecnej, ani cirkevnej. &Scaron;kolsk&eacute; deti boli odk&aacute;zan&eacute; chodi\u0165 do Soboti&scaron;\u0165a, ak ak&eacute;-tak&eacute; vzdelanie chceli z&iacute;ska\u0165. Pripomen&uacute;\u0165 si v&yacute;znam postavenia a posviacky <b>prvej tunaj&scaron;ej evanjelicko &#8211; cirkevnej &scaron;koly je preto pre n&aacute;s d&ocirc;le\u017eit&eacute;,<\/b> ak uv&aacute;\u017eime v&yacute;znam vzdelania pre \u017eivot.&nbsp;<\/span><\/p>\n<p style=\"margin: 0.0px 0.0px 0.0px 0.0px; font: 16.0px Helvetica\"><span style=\"letter-spacing: 0.0px\">&nbsp;&nbsp; &nbsp; &nbsp; &nbsp; Je tu v&scaron;ak <b>aj druh&aacute; cirkevn&aacute; stavba<\/b>, ktor&aacute; je vlastne e&scaron;te mlad&scaron;ia. Je to tunaj&scaron;ia <b>zvonica<\/b>, postaven&aacute; a posv&auml;ten&aacute; v r.<b>1905.<\/b> Boli na nej umiestnen&eacute; dva prv&eacute; zvony, zak&uacute;pen&eacute; od brezovskej cirkvi. \u017dia\u013e, oba padli za obe\u0165 prvej svetovej vojne . <b>A\u017e v r.1928<\/b> si f&iacute;lia zadov&aacute;\u017eila dva nov&eacute; zvony, <b>posviacka ktor&yacute;ch <\/b>sa konala v u\u017e spomenut&uacute; 13.nede\u013eu po Sv&auml;tej Trojici, \u010do je z&aacute;kladom pre hodov&uacute; nede\u013eu na Podbran\u010di.<\/span><\/p>\n<p style=\"margin: 0.0px 0.0px 0.0px 0.0px; font: 16.0px Helvetica\"><span style=\"letter-spacing: 0.0px\">&nbsp; &nbsp; &nbsp; &nbsp; Vid&iacute;me teda, \u017ee <b>prvou <\/b>cirkevnou stavbou, ktor&aacute; tu za\u010dala sl&uacute;\u017ei\u0165 vyu\u010dovaniu \u017eiakov a s&uacute;\u010dasne ich duchovn&eacute;mu, kres\u0165ansk&eacute;mu vzdel&aacute;vaniu je niekdaj&scaron;ia <b>cirkevn&aacute; &scaron;kola.<\/b> Pri jej posviacke zneli zhroma\u017eden&eacute;mu \u013eudu Bo\u017eiemu slov&aacute;, ktor&eacute; sme aj my dnes vypo\u010duli. K&aacute;ze\u0148, svedetcvo viery povedal vtedaj&scaron;&iacute; vrbov\u010diansky far&aacute;r <b>Pavel Sloboda<\/b> a posviacku vykonal brezovsk&yacute; <b>senior J&aacute;n Le&scaron;ka.<\/b> Mo\u017eno poveda\u0165, \u017ee posolstv&aacute;, vysloven&eacute; t&yacute;mito zn&aacute;mymi osobnos\u0165ami boli nielen aktu&aacute;lne, ale priam nad\u010dasov&eacute;. Celkom pokojne by mohli zaznie\u0165 aj dnes. Boli to vpravde Bo\u017eie svedectv&aacute;&nbsp; a \u017eiv&eacute; Bo\u017eie slov&aacute;, ktor&eacute; nezost&aacute;rli.<\/span><\/p>\n<p style=\"margin: 0.0px 0.0px 0.0px 0.0px; font: 16.0px Helvetica; min-height: 19.0px\">&nbsp;<\/p>\n<p style=\"margin: 0.0px 0.0px 0.0px 0.0px; font: 16.0px Helvetica\"><span style=\"letter-spacing: 0.0px\">&nbsp; &nbsp; &nbsp; Akoko\u013evek boli a s&uacute; tieto budvy a stavby, vr&aacute;tane <b>zvonice na Podz&aacute;mku<\/b> a<b> novej cirkevnej &scaron;koly,<\/b> ktor&aacute; u\u017e tie\u017e nesl&uacute;\u017ei svojmu p&ocirc;vodn&eacute;mu &uacute;\u010delu, d&ocirc;le\u017eit&eacute; , alebo pam&auml;tn&eacute;, omnoho d&ocirc;le\u017eitej&scaron;ie je pre n&aacute;s samotn&eacute; Slovo Bo\u017eie.<\/span><\/p>\n<p style=\"margin: 0.0px 0.0px 0.0px 0.0px; font: 16.0px Helvetica\"><span style=\"letter-spacing: 0.0px\">&nbsp; &nbsp; &nbsp; Budovy a stavby, hoci pripom&iacute;naj&uacute; dynamiku \u017eivota v minulosti, m&ocirc;\u017eu strati\u0165 svoj v&yacute;znam a opodstatnenie. To, \u010do je v&scaron;ak d&ocirc;le\u017eit&eacute; a st&aacute;le o\u017eivuj&uacute;ce a sl&uacute;\u017eiace je Bo\u017eie Slovo a Evanjelium Kristovo. Ono nest&aacute;rne a nestr&aacute;ca na v&yacute;zname. Aj pre na&scaron;e s&uacute;\u010dasn&eacute; gener&aacute;cie znie rovnako a nemenne. U\u010d&iacute;, buduje, povzbudzuje a pote&scaron;uje. P&aacute;n Je\u017ei&scaron; hovor&iacute; s rovnakou naliehavos\u0165ou aj dnes n&aacute;m, ktor&yacute;m z&aacute;le\u017e&iacute; na pr&iacute;tomnosti a bud&uacute;cnosti vlastn&yacute;ch det&iacute;: &rdquo; <i>Dovo\u013ete dietkam prich&aacute;dza\u0165 ku mne a nebr&aacute;\u0148te im, lebo tak&yacute;ch je kr&aacute;\u013eovstvo Bo\u017eie&rdquo;.<\/i><\/span><\/p>\n<p style=\"margin: 0.0px 0.0px 0.0px 0.0px; font: 16.0px Helvetica; min-height: 19.0px\">&nbsp;<\/p>\n<p style=\"margin: 0.0px 0.0px 0.0px 0.0px; font: 16.0px Helvetica\"><span style=\"letter-spacing: 0.0px\"><i>&nbsp;&nbsp; &nbsp; <\/i>Evanjelick&aacute; cirkev v\u017edy poznala, a pozn&aacute; aj dnes, v&yacute;znam vzdelania pre \u010dloveka, najm&auml; pre mlad&uacute; gener&aacute;ciu. Reform&aacute;cia hne\u010f od za\u010diatku za\u010dala budova\u0165 \u013eudov&eacute; &scaron;kolstvo na v&scaron;etk&yacute;ch &uacute;rovniach. Nezabudnime, \u017ee Dr. M.Luther nap&iacute;sal v&yacute;znamn&uacute; a d&ocirc;le\u017eit&uacute; kni\u017eo\u010dku pre kres\u0165ansk&eacute; rodiny s n&aacute;zvom: Mal&yacute; Katechizmus a pre u\u010dite\u013eov n&aacute;bo\u017eenstva a far&aacute;rov Ve\u013ek&yacute; Katechizmus. Lutherov najbli\u017e&scaron;&iacute; spolupracovn&iacute;k Filip Melanchton,&nbsp; \u010dlovek mimoriadne vzdelan&yacute; a vzdelanie podporuj&uacute;ci dostal v Nemecku hrd&yacute; titul: &ldquo;Preaceptor Germanie&rdquo; &#8211; U\u010dite\u013e Nemecka.<\/span><\/p>\n<p style=\"margin: 0.0px 0.0px 0.0px 0.0px; font: 16.0px Helvetica\"><span style=\"letter-spacing: 0.0px\">Budovanie &scaron;k&ocirc;l a &scaron;kolstva s pr&iacute;chodom reform&aacute;cie na Slovensko znamenalo pozdvihnutie evanjelikov na vysok&uacute; mor&aacute;lnu, duchovn&uacute; a n&aacute;bo\u017eensk&uacute; &uacute;rove\u0148. Prvou tla\u010dou vydanou knihou v dejin&aacute;ch n&aacute;&scaron;ho n&aacute;roda sa stal spom&iacute;nan&yacute; Mal&yacute; katechizmus, ktor&yacute; vydal Leonard Stoeckel v Bardejove.<\/span><\/p>\n<p style=\"margin: 0.0px 0.0px 0.0px 0.0px; font: 16.0px Helvetica; min-height: 19.0px\">&nbsp;<\/p>\n<p style=\"margin: 0.0px 0.0px 0.0px 0.0px; font: 16.0px Helvetica\"><span style=\"letter-spacing: 0.0px\">&nbsp;&nbsp; &nbsp; &nbsp; Reform&aacute;tori, ale aj na&scaron;i star&iacute; otcovia a matky vo viere, slov&aacute; P&aacute;nove brali v&aacute;\u017ene a zodpvedne. Pochopili nielen v&yacute;znam v&scaron;eobecn&eacute;ho vzdelanie pre det&iacute;, ale aj to, aby poznali Vodcu a P&ocirc;vodcu sp&aacute;sy sveta a \u010dloveka. Toho, ktor&yacute; povedal:<i> &ldquo;Nik neprich&aacute;dza k Otcovi, ak len nie skrze M\u0148a&rdquo;.<\/i><\/span><\/p>\n<p style=\"margin: 0.0px 0.0px 0.0px 0.0px; font: 16.0px Helvetica; min-height: 19.0px\">&nbsp;<\/p>\n<p style=\"margin: 0.0px 0.0px 0.0px 0.0px; font: 16.0px Helvetica\"><span style=\"letter-spacing: 0.0px\">&nbsp;&nbsp; Sv&auml;ti\u0165 nede\u013eu a to nielen hodov&uacute;, znamn&aacute; v\u017edy nanovo po\u010du\u0165 a potom prija\u0165 s pomocu Ducha Sv&auml;t&eacute;ho Slovo Syna Bo\u017eieho. Iba tak a vtedy m&ocirc;\u017ee \u010dlovek pr&iacute;s\u0165 k Bohu. By\u0165 s N&iacute;m v spolo\u010denstve, ktor&eacute; nikto a ni\u010d, nijak&aacute; zl&aacute; moc, \u010di mocnos\u0165 nezni\u010di. Ani moc smrti, alebo br&aacute;ny pekla&#8230;\/ R 8\/<\/span><\/p>\n<p style=\"margin: 0.0px 0.0px 0.0px 0.0px; font: 16.0px Helvetica; min-height: 19.0px\"><span style=\"letter-spacing: 0.0px\">&nbsp; <i>&nbsp;<\/i><\/span><\/p>\n<p style=\"margin: 0.0px 0.0px 0.0px 0.0px; font: 16.0px Helvetica\"><span style=\"letter-spacing: 0.0px\"><i>&nbsp; &nbsp; &nbsp; &ldquo;Dovo\u013ete dietkam prich&aacute;dza\u0165 ku mne&rdquo;, <\/i>hovor&iacute; teda dnes Kristus aj n&aacute;m. Mo\u017eno si niekto pomysl&iacute;:&nbsp; Ve\u010f dnes m&aacute;me slobodu a ka\u017ed&yacute; m&aacute; dovolen&eacute; robi\u0165, \u010do uzn&aacute; za vhodn&eacute;. Pominuli sa \u010dasy, ke\u010f n&aacute;bo\u017eenstvo a jeho vyu\u010dovanie v &scaron;kol&aacute;ch, priv&aacute;dzanie det&iacute; ku Kristu bolo komplikovan&eacute; a v mnoh&yacute;ch pr&iacute;padoch znemo\u017e\u0148ovan&eacute;. <i>Dne&scaron;n&eacute; &scaron;koly a &scaron;kolstvo, ani &scaron;t&aacute;t nie je predsa proti Kristovi! Je to pravda.&nbsp;<\/i><\/span><\/p>\n<p style=\"margin: 0.0px 0.0px 0.0px 0.0px; font: 16.0px Helvetica\"><span style=\"letter-spacing: 0.0px\"><i>&nbsp;&nbsp; &nbsp; Mil&iacute; bratia a sestry, &#8211; ale treba poveda\u0165 aj to \u010fal&scaron;i:<\/i><b><i> <\/i>nie s&uacute; proti &#8211; ale ani za Krista! Ani &scaron;t&aacute;t, ani &scaron;koly priamo nebr&aacute;nia &iacute;s\u0165 ku Kristu-&nbsp; ale<\/b> <b>k Nemu ani neved&uacute;<\/b>. O Jeho spolo\u010denstvo priamo nestoja. Mo\u017eno sa iba blahosklonne usmievaj&uacute;&#8230;Ot&aacute;zka teda znie: <b>Ako a \u010do treba urobi\u0165,<\/b> aby sme de\u0165om, toti\u017e t&yacute;m, ktor&iacute; potrebuj&uacute; na&scaron;u ochranu a pomoc, &ldquo;dovolili&rdquo; pr&iacute;s\u0165 do spolo\u010denstva s Kristom?<\/span><\/p>\n<p style=\"margin: 0.0px 0.0px 0.0px 0.0px; font: 16.0px Helvetica; min-height: 19.0px\"><span style=\"letter-spacing: 0.0px\">&nbsp; &nbsp;<\/span><\/p>\n<p style=\"margin: 0.0px 0.0px 0.0px 0.0px; font: 16.0px Helvetica\"><span style=\"letter-spacing: 0.0px\">&nbsp; &nbsp; Je ist&eacute;, \u017ee za\u010diatkom spolo\u010denstva s P&aacute;nom Je\u017ei&scaron;om Kristom, za\u010diatok Bo\u017eieho detinstva je v Krste sv&auml;tom. Ale len pokrsti\u0165 die\u0165a nesta\u010d&iacute;. Podobne nesta\u010d&iacute; poveda\u0165 die\u0165a\u0165u, alebo komuko\u013evek, kto Krista e&scaron;te nepozn&aacute;: Ak chce&scaron;, tak cho\u010f do chr&aacute;mu, cho\u010f k Nemu! &nbsp;<\/span><\/p>\n<p style=\"margin: 0.0px 0.0px 0.0px 0.0px; font: 16.0px Helvetica\"><span style=\"letter-spacing: 0.0px\"><b>Dovoli\u0165,<\/b> aby ktoko\u013evek bl&iacute;zky, \u010di zn&aacute;my mohol pr&iacute;s\u0165 k Je\u017ei&scaron;ovi ako k P&aacute;novi, Dobr&eacute;mu Pastierovi alebo U\u010dite\u013eovi &#8211; <b>znamen&aacute;, <\/b>aby sme mu nebr&aacute;nili na&scaron;ou vlastnou neverou, alebo \u013eahostajnos\u0165ou pozna\u0165&nbsp; evanjeliium.<b> Dovoli\u0165<\/b>&#8211; znamen&aacute; synovi, dc&eacute;re alebo vn&uacute;\u010da\u0165u&nbsp; poveda\u0165:<b> Po\u010f! <\/b>&#8211;&nbsp; <i>a nie cho\u010f!<\/i> Br&aacute;ni\u0165 vo viere m&ocirc;\u017eeme aj na&scaron;&iacute;m popieran&iacute;m, \u010di odopieran&iacute;m nasledovania Krista. Nebrat&iacute;m Jeho kr&iacute;\u017ea na seba, nemodlen&iacute;m sa &#8211; alebo dokonca &#8211; h\u013eadan&iacute;m in&yacute;ch bohov, \u010di bo\u017estiev okrem Neho.<\/span><\/p>\n<p style=\"margin: 0.0px 0.0px 0.0px 0.0px; font: 16.0px Helvetica; min-height: 19.0px\">&nbsp;<\/p>\n<p style=\"margin: 0.0px 0.0px 0.0px 0.0px; font: 16.0px Helvetica\"><span style=\"letter-spacing: 0.0px\">&nbsp; &nbsp; &nbsp; &nbsp; Mil&iacute; bratia a&nbsp; sestry!&nbsp;<\/span><\/p>\n<p style=\"margin: 0.0px 0.0px 0.0px 0.0px; font: 16.0px Helvetica\"><span style=\"letter-spacing: 0.0px\">&nbsp; &nbsp; &nbsp; Modern&iacute; skeptici, podobne ako t&iacute; star&iacute;, alebo starobyl&iacute;, si v&scaron;ak klad&uacute; ot&aacute;zku inak, ako my, ktor&iacute; Krista a jeho Slovo a dielo sp&aacute;sy pzn&aacute;me. Oni sa p&yacute;taj&uacute;: <b>Pre\u010do&nbsp; by mal niekto &#8211;<\/b> \u010di u\u017e ja, alebo moje die\u0165a<i> &#8211; v&ocirc;bec &iacute;s\u0165 ku Kristu<\/i>? <b>Pre\u010do by Ho mal pozna\u0165?<\/b> Pre\u010do by Ho&nbsp; mal nasledova\u0165, alebo vyzn&aacute;va\u0165? To je z&aacute;kladn&yacute;, kardin&aacute;lny probl&eacute;m \u010dloveka, ktor&yacute; pochybuje, alebo sa s&aacute;m vzdal viery.&nbsp;<\/span><\/p>\n<p style=\"margin: 0.0px 0.0px 0.0px 0.0px; font: 16.0px Helvetica\"><span style=\"letter-spacing: 0.0px\">Pre\u010do?&nbsp;<\/span><\/p>\n<p style=\"margin: 0.0px 0.0px 0.0px 0.0px; font: 16.0px Helvetica; min-height: 19.0px\"><span style=\"letter-spacing: 0.0px\">&nbsp;&nbsp; &nbsp;<\/span><\/p>\n<p style=\"margin: 0.0px 0.0px 0.0px 0.0px; font: 16.0px Helvetica\"><span style=\"letter-spacing: 0.0px\">&nbsp;&nbsp; &nbsp; Iste nesta\u010d&iacute; vedie\u0165 o Je\u017ei&scaron;ovi iba to, \u017ee On je pre n&aacute;s i pre na&scaron;e deti najlep&scaron;&iacute; U\u010dite\u013e, lebo pri&scaron;iel od Toho, ktor&yacute; stvoril svet, ktor&yacute; mu dal poriadok a v&scaron;etk&eacute;mu \u017eiv&eacute;mu \u017eivot. Nejde ani len o to, \u017ee Je\u017ei&scaron; je najlep&scaron;&iacute; u\u010dite\u013e mor&aacute;lky a mor&aacute;lnych z&aacute;konov. Je zrejm&eacute;, \u017ee \u017eiadne in&eacute; u\u010denie, nem&ocirc;\u017ee obst&aacute;\u0165 v porovnan&iacute; s mor&aacute;lkou P&aacute;na Je\u017ei&scaron;a, hl&aacute;sanou Jeho &uacute;stamia a dok&aacute;zanou skutkami l&aacute;sky.<\/span><\/p>\n<p style=\"margin: 0.0px 0.0px 0.0px 0.0px; font: 16.0px Helvetica; min-height: 19.0px\">&nbsp;<\/p>\n<p style=\"margin: 0.0px 0.0px 0.0px 0.0px; font: 16.0px Helvetica\"><span style=\"letter-spacing: 0.0px\"><b>Pre\u010do je d&ocirc;le\u017eit&eacute; pre Bo\u017eie deti &#8211; tie mal&eacute;, v&auml;\u010d&scaron;ie a akiste aj star&scaron;ie a najstar&scaron;ie&nbsp; prich&aacute;dza\u0165 k Je\u017ei&scaron;ovi?<\/b><\/span><\/p>\n<p style=\"margin: 0.0px 0.0px 0.0px 0.0px; font: 16.0px Helvetica; min-height: 19.0px\">&nbsp;<\/p>\n<p style=\"margin: 0.0px 0.0px 0.0px 0.0px; font: 16.0px Helvetica\"><span style=\"letter-spacing: 0.0px\">On s&aacute;m o tom hovor&iacute; takto: <b>&rdquo;Tak&yacute;ch je kr&aacute;\u013eovstvo Bo\u017eie&rdquo;!<\/b><\/span><\/p>\n<p style=\"margin: 0.0px 0.0px 0.0px 0.0px; font: 16.0px Helvetica\"><span style=\"letter-spacing: 0.0px\"><b>Iba ten, kto spozn&aacute; a z&iacute;ska priate\u013estvo Je\u017ei&scaron;a Krista m&aacute; &uacute;\u010das\u0165 aj na Jeho z&aacute;sluh&aacute;ch, na Jeho kr&aacute;\u013eovstve.&nbsp;<\/b><\/span><span style=\"letter-spacing: 0.0px\">Na inom mieste povedal: &ldquo;Nik neprich&aacute;dza k Otcovi, ak le<b>n nie skrze M\u0148a. Kto neprij&iacute;ma kr&aacute;\u013eovstvo Bo\u017eie ako die\u0165a &#8211; toti\u017e s podobnou detskou d&ocirc;verou &#8211; nikdy nevojde do\u0148.<\/b><\/span><\/p>\n<p style=\"margin: 0.0px 0.0px 0.0px 0.0px; font: 16.0px Helvetica; min-height: 19.0px\"><span style=\"letter-spacing: 0.0px\"><b>&nbsp;&nbsp; <\/b>&nbsp; &nbsp; &nbsp;<\/span><\/p>\n<p style=\"margin: 0.0px 0.0px 0.0px 0.0px; font: 16.0px Helvetica\"><span style=\"letter-spacing: 0.0px\">P&aacute;n Je\u017ei&scaron; oce\u0148uje vieru a d&ocirc;veru det&iacute;, ktorou sa plne spoliehaj&uacute; na ruky a slovo rodi\u010dovo &#8211; a tak m&aacute; kona\u0165 aj ka\u017ed&yacute; kres\u0165an! Prij&iacute;ma\u0165&nbsp; s plnou d&ocirc;verou osobu a cel&eacute; dielo dielo Je\u017ei&scaron;a Krista.<\/span><\/p>\n<p style=\"margin: 0.0px 0.0px 0.0px 0.0px; font: 16.0px Helvetica; min-height: 19.0px\">&nbsp;<\/p>\n<p style=\"margin: 0.0px 0.0px 0.0px 0.0px; font: 16.0px Helvetica\"><span style=\"letter-spacing: 0.0px\">Mil&iacute; bratia a sestry v Kristu P&aacute;nu!<\/span><\/p>\n<p style=\"margin: 0.0px 0.0px 0.0px 0.0px; font: 16.0px Helvetica\"><span style=\"letter-spacing: 0.0px\">Je\u017ei&scaron; nie je len U\u010dite\u013e,&nbsp; hoci u\u017e 12. ro\u010dn&yacute; to dok&aacute;zal!<\/span><\/p>\n<p style=\"margin: 0.0px 0.0px 0.0px 0.0px; font: 16.0px Helvetica\"><span style=\"letter-spacing: 0.0px\">Nie je iba u\u010ditel mravnosti, hoci \u017eil cnostne a plnil Bo\u017e&iacute; z&aacute;kon dokonale. Lebo iste nesta\u010d&iacute; poveda\u0165: \u017di tak, ako On a bude&scaron; \u017ei\u0165 ve\u010dne! To my, hrie&scaron;nici, jedoducho nedok&aacute;\u017eeme. N&aacute;&scaron; \u017dalobca pred bohom, Diabol, ktor&iacute; tvrd&iacute;:&nbsp; Ve\u010f vy, kres\u0165ania nie ste lep&scaron;&iacute; ako in&iacute;, ale aj na&scaron;e hriechy n&aacute;s obvi\u0148uj&uacute; denne a ustavi\u010dne.<\/span><\/p>\n<p style=\"margin: 0.0px 0.0px 0.0px 0.0px; font: 16.0px Helvetica\"><span style=\"letter-spacing: 0.0px\">To my nepopierame, ani nespochyb\u0148ujeme. Naopak! Vyzn&aacute;vame znova a op&auml;\u0165, \u017ee sme hrie&scaron;ni \u013eudia.&nbsp;<\/span><\/p>\n<p style=\"margin: 0.0px 0.0px 0.0px 0.0px; font: 16.0px Helvetica\"><span style=\"letter-spacing: 0.0px\">&nbsp; &nbsp; Ale my, ako n&aacute;s Luther u\u010d&iacute;, nebudujeme na \u013eudsk&yacute;ch n&aacute;zoroch,&nbsp; ani na vlasn&yacute;ch pocitoch, ke\u010f ide o poznanie hrie&scaron;neho z&aacute;kladu srdca v n&aacute;s! My budujeme na Bo\u017eej vernosti, na Bo\u017eom Slove, na milosti a zas\u013e&uacute;ben&iacute; P&aacute;na Je\u017ei&scaron;a Krista, \u017ee On je Spasite\u013e, ktor&yacute; n&aacute;m denne odp&uacute;&scaron;\u0165a v&scaron;etky na&scaron;e hriechy, ak ich vyzn&aacute;vame a ak sa vierou na Neho up&iacute;mame. Tak \u017eijeme z viery, z milosti Bo\u017eej a z&aacute;sluh samotn&eacute;ho P&aacute;na Krista !<\/span><\/p>\n<p style=\"margin: 0.0px 0.0px 0.0px 0.0px; font: 16.0px Helvetica\"><span style=\"letter-spacing: 0.0px\">&nbsp;&nbsp; &nbsp; Toto poznanie a tento \u017eivot viery vedie k sp&aacute;se, do kr&aacute;\u013eovstva Bo\u017eieho. Viera je pln&eacute; spo\u013eahnutie sa na Krista! Nebr&aacute;\u0148me nikomu, na&scaron;u hrie&scaron;nos\u0165ou, ani na&scaron;ou samospravodlivos\u0165ou pozna\u0165 Je\u017ei&scaron;a Krista ako Spasite\u013ea&nbsp; a P&aacute;na! Naopak. Dovo\u013eme v&scaron;etk&yacute;m &#8211; de\u0165om i dospel&yacute;m &iacute;s\u0165 ku Kristovi a by\u0165 s N&iacute;m!<\/span><\/p>\n<p style=\"margin: 0.0px 0.0px 0.0px 0.0px; font: 16.0px Helvetica\"><span style=\"letter-spacing: 0.0px\">&nbsp; &nbsp; &nbsp; Je\u017ei&scaron;a pozn&aacute;vajme ako Kr&aacute;\u013ea kr&aacute;\u013eov, ale aj \u010fakujme a dobrore\u010dme Mu za Jeho milos\u0165, za Slovo evanjelia, a aj za miesta, ktor&eacute; n&aacute;m ho umo\u017e\u0148uj&uacute; po\u010du\u0165! \u010eakujme za hlas zvonov, ktor&eacute; volaj&uacute; ku Kristu. \u010fajme dnes za miesta, kde sa evanjelium \u010diste u\u010dlio, zvestovalo a zvestuje dodnes. Amen.<\/span><\/p>\n<p style=\"margin: 0.0px 0.0px 0.0px 0.0px; font: 16.0px Helvetica; min-height: 19.0px\">&nbsp;<\/p>\n<p style=\"margin: 0.0px 0.0px 0.0px 0.0px; font: 16.0px Helvetica; min-height: 19.0px\">&nbsp;<\/p>\n<p style=\"margin: 0.0px 0.0px 0.0px 0.0px; font: 12.0px Helvetica\"><span style=\"letter-spacing: 0.0px\">&nbsp; &nbsp; &nbsp; &nbsp; &nbsp; &nbsp; &nbsp; &nbsp; &nbsp; &nbsp; &nbsp; &nbsp; &nbsp; &nbsp; &nbsp; &nbsp; &nbsp; &nbsp; Pamiatka posv&auml;tenia cirkevnej &scaron;koly v Podbran\u010di v 13. nede\u013eu po Sv.Tr. 2012 &#8211; \u013d.Batka st.<\/span><\/p>\n<p style=\"margin: 0.0px 0.0px 0.0px 0.0px; font: 12.0px Helvetica; min-height: 14.0px\"><span style=\"letter-spacing: 0.0px\">&nbsp; &nbsp; &nbsp; &nbsp; &nbsp;&nbsp;<\/span><\/p>\n","protected":false},"excerpt":{"rendered":"<p>&nbsp;&nbsp; &nbsp; &nbsp; &nbsp; &nbsp; &nbsp; &nbsp; &nbsp; &nbsp; &nbsp; &nbsp; &nbsp; &nbsp; &nbsp; &nbsp; &nbsp; &nbsp; &nbsp; &nbsp; &nbsp;Dovo\u013ete dietkam prich&aacute;dza\u0165 ku mne a nebr&aacute;\u0148te im!&#8230; &nbsp; Mk 10, 13- 16: &nbsp; &nbsp;&nbsp; &nbsp; &ldquo;Prin&aacute;&scaron;ali k Nemu dietky, aby sa ich dot&yacute;kal; ale u\u010den&iacute;ci im dohov&aacute;rali. (14) Ke\u010f to Je\u017ei&scaron; videl, namrzel sa a &#8230; <a title=\"Dovo\u013ete dietkam prich\u00e1dza\u0165 ku mne a nebr\u00e1\u0148te im!&#8230;\" class=\"read-more\" href=\"https:\/\/www.e-anjelik.sk\/index.php\/2012\/09\/18\/dovolte-dietkam-prichadzat-ku-mne-a-nebrante-im\/\" aria-label=\"Pre\u010d\u00edtajte si viac o Dovo\u013ete dietkam prich\u00e1dza\u0165 ku mne a nebr\u00e1\u0148te im!&#8230;\">\u010c\u00edta\u0165 viac<\/a><\/p>\n","protected":false},"author":4,"featured_media":0,"comment_status":"open","ping_status":"open","sticky":false,"template":"","format":"standard","meta":{"footnotes":""},"categories":[124,95],"tags":[249,192],"class_list":["post-4707","post","type-post","status-publish","format-standard","hentry","category-pamiatka-posvatenia-chramu","category-sobotiste","tag-bohosluzby","tag-kazen"],"_links":{"self":[{"href":"https:\/\/www.e-anjelik.sk\/index.php\/wp-json\/wp\/v2\/posts\/4707","targetHints":{"allow":["GET"]}}],"collection":[{"href":"https:\/\/www.e-anjelik.sk\/index.php\/wp-json\/wp\/v2\/posts"}],"about":[{"href":"https:\/\/www.e-anjelik.sk\/index.php\/wp-json\/wp\/v2\/types\/post"}],"author":[{"embeddable":true,"href":"https:\/\/www.e-anjelik.sk\/index.php\/wp-json\/wp\/v2\/users\/4"}],"replies":[{"embeddable":true,"href":"https:\/\/www.e-anjelik.sk\/index.php\/wp-json\/wp\/v2\/comments?post=4707"}],"version-history":[{"count":0,"href":"https:\/\/www.e-anjelik.sk\/index.php\/wp-json\/wp\/v2\/posts\/4707\/revisions"}],"wp:attachment":[{"href":"https:\/\/www.e-anjelik.sk\/index.php\/wp-json\/wp\/v2\/media?parent=4707"}],"wp:term":[{"taxonomy":"category","embeddable":true,"href":"https:\/\/www.e-anjelik.sk\/index.php\/wp-json\/wp\/v2\/categories?post=4707"},{"taxonomy":"post_tag","embeddable":true,"href":"https:\/\/www.e-anjelik.sk\/index.php\/wp-json\/wp\/v2\/tags?post=4707"}],"curies":[{"name":"wp","href":"https:\/\/api.w.org\/{rel}","templated":true}]}}