{"id":4708,"date":"2012-09-19T12:59:31","date_gmt":"2012-09-19T12:59:31","guid":{"rendered":"http:\/\/e-anjelik.sk\/?p=4708"},"modified":"2012-09-19T12:59:31","modified_gmt":"2012-09-19T12:59:31","slug":"konferencia-teologov-amd-v-dortmunde-nemecko","status":"publish","type":"post","link":"https:\/\/www.e-anjelik.sk\/index.php\/2012\/09\/19\/konferencia-teologov-amd-v-dortmunde-nemecko\/","title":{"rendered":"Konferencia teol\u00f3gov AMD v Dortmunde, Nemecko"},"content":{"rendered":"<p>24. septembra t.r. sa v Dortmunde z&iacute;de okolo 850 teol&oacute;gov a teologi\u010diek z Pracovn&eacute;ho spolo\u010denstva pre misijn&uacute; slu\u017ebu &nbsp;(AMD)&nbsp; na 5. celonemeckej konferencii. Konferencia m&aacute; t&eacute;mu: &quot; \u010ci nehorelo na&scaron;e srdce -&#8230; medzi pre\u0165a\u017een&iacute;m a zas\u013e&uacute;ben&iacute;m.&quot; Hovori\u0165 sa bude o misii ako z&aacute;kladnej &uacute;lohe cirkvi, re\u010dov&aacute; schopnos\u0165 vo viere, orient&aacute;cia navonok a do \u010dlenstva, nov&eacute; bohoslu\u017eobn&eacute; a zborov&eacute; formy, ale aj o pre\u0165a\u017een&iacute; vo v&scaron;ednom dni zboru. Konferencia sa skon\u010d&iacute; 27. septembra.&nbsp;<\/p>\n<p>(<a href=\"http:\/\/www.ekd.de\">www.ekd.de<\/a>)&nbsp;<\/p>\n","protected":false},"excerpt":{"rendered":"<p>24. septembra t.r. sa v Dortmunde z&iacute;de okolo 850 teol&oacute;gov a teologi\u010diek z Pracovn&eacute;ho spolo\u010denstva pre misijn&uacute; slu\u017ebu &nbsp;(AMD)&nbsp; na 5. celonemeckej konferencii. Konferencia m&aacute; t&eacute;mu: &quot; \u010ci nehorelo na&scaron;e srdce -&#8230; medzi pre\u0165a\u017een&iacute;m a zas\u013e&uacute;ben&iacute;m.&quot; Hovori\u0165 sa bude o misii ako z&aacute;kladnej &uacute;lohe cirkvi, re\u010dov&aacute; schopnos\u0165 vo viere, orient&aacute;cia navonok a do \u010dlenstva, nov&eacute; &#8230; <a title=\"Konferencia teol\u00f3gov AMD v Dortmunde, Nemecko\" class=\"read-more\" href=\"https:\/\/www.e-anjelik.sk\/index.php\/2012\/09\/19\/konferencia-teologov-amd-v-dortmunde-nemecko\/\" aria-label=\"Pre\u010d\u00edtajte si viac o Konferencia teol\u00f3gov AMD v Dortmunde, Nemecko\">\u010c\u00edta\u0165 viac<\/a><\/p>\n","protected":false},"author":22,"featured_media":0,"comment_status":"open","ping_status":"open","sticky":false,"template":"","format":"standard","meta":{"footnotes":""},"categories":[1],"tags":[234],"class_list":["post-4708","post","type-post","status-publish","format-standard","hentry","category-adventna-modlitba","tag-zdruzenia-a-skupiny"],"_links":{"self":[{"href":"https:\/\/www.e-anjelik.sk\/index.php\/wp-json\/wp\/v2\/posts\/4708","targetHints":{"allow":["GET"]}}],"collection":[{"href":"https:\/\/www.e-anjelik.sk\/index.php\/wp-json\/wp\/v2\/posts"}],"about":[{"href":"https:\/\/www.e-anjelik.sk\/index.php\/wp-json\/wp\/v2\/types\/post"}],"author":[{"embeddable":true,"href":"https:\/\/www.e-anjelik.sk\/index.php\/wp-json\/wp\/v2\/users\/22"}],"replies":[{"embeddable":true,"href":"https:\/\/www.e-anjelik.sk\/index.php\/wp-json\/wp\/v2\/comments?post=4708"}],"version-history":[{"count":0,"href":"https:\/\/www.e-anjelik.sk\/index.php\/wp-json\/wp\/v2\/posts\/4708\/revisions"}],"wp:attachment":[{"href":"https:\/\/www.e-anjelik.sk\/index.php\/wp-json\/wp\/v2\/media?parent=4708"}],"wp:term":[{"taxonomy":"category","embeddable":true,"href":"https:\/\/www.e-anjelik.sk\/index.php\/wp-json\/wp\/v2\/categories?post=4708"},{"taxonomy":"post_tag","embeddable":true,"href":"https:\/\/www.e-anjelik.sk\/index.php\/wp-json\/wp\/v2\/tags?post=4708"}],"curies":[{"name":"wp","href":"https:\/\/api.w.org\/{rel}","templated":true}]}}