{"id":4718,"date":"2012-09-26T06:53:35","date_gmt":"2012-09-26T06:53:35","guid":{"rendered":"http:\/\/e-anjelik.sk\/?p=4718"},"modified":"2012-09-26T06:53:35","modified_gmt":"2012-09-26T06:53:35","slug":"nove-vedenie-spolocenstva-ev-cirkvi-europy-geke","status":"publish","type":"post","link":"https:\/\/www.e-anjelik.sk\/index.php\/2012\/09\/26\/nove-vedenie-spolocenstva-ev-cirkvi-europy-geke\/","title":{"rendered":"Nov\u00e9 vedenie Spolo\u010denstva ev. cirkv\u00ed Eur\u00f3py (GEKE)"},"content":{"rendered":"<p>Ako sme u\u017e informovali v t&yacute;chto d\u0148och v talianskej Florencii kon&aacute; sa Valn&eacute; zhroma\u017edenie Spolo\u010denstva evanjelick&yacute;ch cirkv&iacute; Eur&oacute;py (GEKE). Deleg&aacute;ti mali v programe aj vo\u013eby. Najsk&ocirc;r sa volila nov&aacute; Rada a t&aacute; potom spomedzi seba zvolila nov&eacute; troj\u010dlenn&eacute; predsedn&iacute;ctvo. Do predsedn&iacute;ctva zvolili: Friedricha Webera, biskupa Ev. lut. krajinskej cirkvi z Braunschweigu, Kl&aacute;ru Tarr Cselovszky, ved&uacute;cu oddelenia pre ekumenick&eacute; a medzin&aacute;rodn&eacute; vz\u0165ahy Ev. lut. cirkvi v Ma\u010farsku a Gottfrieda Lochera, prezidenta Rady konfeder&aacute;cie protestantsk&yacute;ch cirkv&iacute; &Scaron;vaj\u010diarska. Vo&nbsp;funkcii gener&aacute;lneho tajomn&iacute;ka GEKE bol potvrden&yacute; biskup Michael Buenker, z Ev.&nbsp;a.v. cirkvi Rak&uacute;ska&nbsp;. S&iacute;dlom GEKE bude&nbsp; na\u010falej Viede\u0148.<\/p>\n<p>(<a href=\"http:\/\/www.leuenberg.net\">www.leuenberg.net<\/a>)<\/p>\n","protected":false},"excerpt":{"rendered":"<p>Ako sme u\u017e informovali v t&yacute;chto d\u0148och v talianskej Florencii kon&aacute; sa Valn&eacute; zhroma\u017edenie Spolo\u010denstva evanjelick&yacute;ch cirkv&iacute; Eur&oacute;py (GEKE). Deleg&aacute;ti mali v programe aj vo\u013eby. Najsk&ocirc;r sa volila nov&aacute; Rada a t&aacute; potom spomedzi seba zvolila nov&eacute; troj\u010dlenn&eacute; predsedn&iacute;ctvo. Do predsedn&iacute;ctva zvolili: Friedricha Webera, biskupa Ev. lut. krajinskej cirkvi z Braunschweigu, Kl&aacute;ru Tarr Cselovszky, ved&uacute;cu &#8230; <a title=\"Nov\u00e9 vedenie Spolo\u010denstva ev. cirkv\u00ed Eur\u00f3py (GEKE)\" class=\"read-more\" href=\"https:\/\/www.e-anjelik.sk\/index.php\/2012\/09\/26\/nove-vedenie-spolocenstva-ev-cirkvi-europy-geke\/\" aria-label=\"Pre\u010d\u00edtajte si viac o Nov\u00e9 vedenie Spolo\u010denstva ev. cirkv\u00ed Eur\u00f3py (GEKE)\">\u010c\u00edta\u0165 viac<\/a><\/p>\n","protected":false},"author":22,"featured_media":0,"comment_status":"open","ping_status":"open","sticky":false,"template":"","format":"standard","meta":{"footnotes":""},"categories":[2],"tags":[234],"class_list":["post-4718","post","type-post","status-publish","format-standard","hentry","category-ekumena","tag-zdruzenia-a-skupiny"],"_links":{"self":[{"href":"https:\/\/www.e-anjelik.sk\/index.php\/wp-json\/wp\/v2\/posts\/4718","targetHints":{"allow":["GET"]}}],"collection":[{"href":"https:\/\/www.e-anjelik.sk\/index.php\/wp-json\/wp\/v2\/posts"}],"about":[{"href":"https:\/\/www.e-anjelik.sk\/index.php\/wp-json\/wp\/v2\/types\/post"}],"author":[{"embeddable":true,"href":"https:\/\/www.e-anjelik.sk\/index.php\/wp-json\/wp\/v2\/users\/22"}],"replies":[{"embeddable":true,"href":"https:\/\/www.e-anjelik.sk\/index.php\/wp-json\/wp\/v2\/comments?post=4718"}],"version-history":[{"count":0,"href":"https:\/\/www.e-anjelik.sk\/index.php\/wp-json\/wp\/v2\/posts\/4718\/revisions"}],"wp:attachment":[{"href":"https:\/\/www.e-anjelik.sk\/index.php\/wp-json\/wp\/v2\/media?parent=4718"}],"wp:term":[{"taxonomy":"category","embeddable":true,"href":"https:\/\/www.e-anjelik.sk\/index.php\/wp-json\/wp\/v2\/categories?post=4718"},{"taxonomy":"post_tag","embeddable":true,"href":"https:\/\/www.e-anjelik.sk\/index.php\/wp-json\/wp\/v2\/tags?post=4718"}],"curies":[{"name":"wp","href":"https:\/\/api.w.org\/{rel}","templated":true}]}}