{"id":4723,"date":"2012-09-27T08:17:29","date_gmt":"2012-09-27T08:17:29","guid":{"rendered":"http:\/\/e-anjelik.sk\/?p=4723"},"modified":"2012-09-27T08:17:29","modified_gmt":"2012-09-27T08:17:29","slug":"ekumena-medzi-protestantami-a-s-rim-kat-cirkvou","status":"publish","type":"post","link":"https:\/\/www.e-anjelik.sk\/index.php\/2012\/09\/27\/ekumena-medzi-protestantami-a-s-rim-kat-cirkvou\/","title":{"rendered":"Ekumena medzi protestantami a s r\u00edm. kat. cirkvou"},"content":{"rendered":"<p>Friedrich Weber, biskup Ev. lut. krajinskej cirkvi Braunschweigu a poverenec pre rozhovory s katl&iacute;ckou cirkvou v Nemecku, jeden z troch \u010dlenov \u010derstvo zvolen&eacute;ho predsedn&iacute;ctva GEKE, odpovedal na tri ot&aacute;zky nemeckej agent&uacute;ry epd. Na ot&aacute;zku , ak&aacute; je v s&uacute;\u010dasnosti ekum&eacute;na medzi protestantsk&yacute;mi cirkvami Eur&oacute;py, odpovedal, \u017ee je dan&aacute; reforma\u010dn&yacute;m ch&aacute;pan&iacute;m cirkvi: cirkev je tam , kde sa \u010distotne zvestuje evanjelium a vysluhuj&uacute; sviatosti . Tieto princ&iacute;py s&uacute; zakotven&eacute; v tzv. Leuenbergsk&yacute;ch zmluv&aacute;ch, ktor&eacute; zv&auml;\u010d&scaron;a akceptuj&uacute; luter&aacute;nske a reformovan&eacute; cirkvi. Mal&eacute; rozdiely s&uacute; v ch&aacute;pan&iacute; a v pr&iacute;stupe napr. v ot&aacute;zkach homosexuality. Na druh&uacute; ot&aacute;zku o ekumenick&yacute;ch rozhovoroch medzi GEKE a r&iacute;m. kat. cirkvou, ktor&eacute; bud&uacute; vo febr. 2013, odpovedal, \u017ee tam p&ocirc;jdu siedmi protestantsk&iacute; teol&oacute;govia, na \u010dele Vatik&aacute;nu bude predseda P&aacute;pe\u017eskej rady pre napom&aacute;hanie jednoty kres\u0165anov kardin&aacute;l Kurt Koch. Nie je cie\u013eom definova\u0165 jednotn&uacute; cirkev, ale ch&aacute;pa\u0165 ju v zmysle dokumentu Valn&eacute;ho zhroma\u017edenia SRC z New Delhi v r. 1961, kde je v ekum&eacute;na definovan&aacute; ako &quot;jednota v zmierenej r&ocirc;znosti&quot; (Einheit in vers&ouml;hnter Verschiedenheit). Na tretiu ot&aacute;zku, \u010do je to zmierenie a ako sa kon&aacute;, odvetil, \u017ee zmierenie-&nbsp;jednotu treba dorie&scaron;i\u0165 v spolo\u010denstve sviatost&iacute;, vo vz&aacute;jomnom uznan&iacute; &uacute;radov a v odstr&aacute;nen&iacute; vz&aacute;jomn&yacute;ch ods&uacute;den&iacute; u\u010den&iacute;.<\/p>\n<p>(<a href=\"http:\/\/www.ekd.de\">www.ekd.de<\/a>)<\/p>\n","protected":false},"excerpt":{"rendered":"<p>Friedrich Weber, biskup Ev. lut. krajinskej cirkvi Braunschweigu a poverenec pre rozhovory s katl&iacute;ckou cirkvou v Nemecku, jeden z troch \u010dlenov \u010derstvo zvolen&eacute;ho predsedn&iacute;ctva GEKE, odpovedal na tri ot&aacute;zky nemeckej agent&uacute;ry epd. Na ot&aacute;zku , ak&aacute; je v s&uacute;\u010dasnosti ekum&eacute;na medzi protestantsk&yacute;mi cirkvami Eur&oacute;py, odpovedal, \u017ee je dan&aacute; reforma\u010dn&yacute;m ch&aacute;pan&iacute;m cirkvi: cirkev je tam , &#8230; <a title=\"Ekumena medzi protestantami a s r\u00edm. kat. cirkvou\" class=\"read-more\" href=\"https:\/\/www.e-anjelik.sk\/index.php\/2012\/09\/27\/ekumena-medzi-protestantami-a-s-rim-kat-cirkvou\/\" aria-label=\"Pre\u010d\u00edtajte si viac o Ekumena medzi protestantami a s r\u00edm. kat. cirkvou\">\u010c\u00edta\u0165 viac<\/a><\/p>\n","protected":false},"author":22,"featured_media":0,"comment_status":"open","ping_status":"open","sticky":false,"template":"","format":"standard","meta":{"footnotes":""},"categories":[2],"tags":[234],"class_list":["post-4723","post","type-post","status-publish","format-standard","hentry","category-ekumena","tag-zdruzenia-a-skupiny"],"_links":{"self":[{"href":"https:\/\/www.e-anjelik.sk\/index.php\/wp-json\/wp\/v2\/posts\/4723","targetHints":{"allow":["GET"]}}],"collection":[{"href":"https:\/\/www.e-anjelik.sk\/index.php\/wp-json\/wp\/v2\/posts"}],"about":[{"href":"https:\/\/www.e-anjelik.sk\/index.php\/wp-json\/wp\/v2\/types\/post"}],"author":[{"embeddable":true,"href":"https:\/\/www.e-anjelik.sk\/index.php\/wp-json\/wp\/v2\/users\/22"}],"replies":[{"embeddable":true,"href":"https:\/\/www.e-anjelik.sk\/index.php\/wp-json\/wp\/v2\/comments?post=4723"}],"version-history":[{"count":0,"href":"https:\/\/www.e-anjelik.sk\/index.php\/wp-json\/wp\/v2\/posts\/4723\/revisions"}],"wp:attachment":[{"href":"https:\/\/www.e-anjelik.sk\/index.php\/wp-json\/wp\/v2\/media?parent=4723"}],"wp:term":[{"taxonomy":"category","embeddable":true,"href":"https:\/\/www.e-anjelik.sk\/index.php\/wp-json\/wp\/v2\/categories?post=4723"},{"taxonomy":"post_tag","embeddable":true,"href":"https:\/\/www.e-anjelik.sk\/index.php\/wp-json\/wp\/v2\/tags?post=4723"}],"curies":[{"name":"wp","href":"https:\/\/api.w.org\/{rel}","templated":true}]}}