{"id":4724,"date":"2012-09-27T08:36:57","date_gmt":"2012-09-27T08:36:57","guid":{"rendered":"http:\/\/e-anjelik.sk\/?p=4724"},"modified":"2012-09-27T08:36:57","modified_gmt":"2012-09-27T08:36:57","slug":"clenstvo-v-ev-cirkvi-v-nemecku-je-jasne-definovane","status":"publish","type":"post","link":"https:\/\/www.e-anjelik.sk\/index.php\/2012\/09\/27\/clenstvo-v-ev-cirkvi-v-nemecku-je-jasne-definovane\/","title":{"rendered":"\u010clenstvo v ev. cirkvi v Nemecku je jasne definovan\u00e9"},"content":{"rendered":"<p>V s&uacute;vislosti s &uacute;pravami Katol&iacute;ckej biskupskej konferencie Nemecka vo veci b&yacute;val&yacute;ch \u010dlenov cirkvi, ktor&iacute; stratili n&aacute;rok na vysluhovanie sviatost&iacute;, vykon&aacute;vanie &uacute;radov a krstn&yacute;ch rodi\u010dov, a pod., pre epd sa vyjadril predseda &uacute;radu EKD Hans Ulrich Anke. Stav&nbsp; \u010dlenstva v EKD je jasne definovan&yacute;. &quot;V&yacute;stup z cirkvi m&aacute; za n&aacute;sledok stratu v&scaron;etk&yacute;ch pr&aacute;v s t&yacute;mto \u010dlenstvom spojen&yacute;ch.&quot; T&yacute;ka sa to n&aacute;roku&nbsp;na vysluhovanie cirkevn&yacute;ch &uacute;konov, pr&iacute;stupu k cirkevn&yacute;m &uacute;radom a krstn&eacute;mu rodi\u010dovstvu.Poznamenal, \u017ee krst plat&iacute; aj na\u010falej po vyst&uacute;pen&iacute; z cirkvi.Evanjelick&aacute; cirkev sa sna\u017e&iacute; pastoriz&aacute;ciou op&auml;tovne z&iacute;ska\u0165 vyst&uacute;piv&scaron;&iacute;ch. Ro\u010dne sa v EKD vr&aacute;ti nasp&auml;\u0165 do cirkvi okolo 140 os&ocirc;b. Cirkev je preto v\u010fa\u010dn&aacute; v&scaron;etk&yacute;m \u010dlenom, ktor&iacute; s&uacute; s \u0148ou solid&aacute;rni platen&iacute;m cirkevnej dane.<\/p>\n<p>(<a href=\"http:\/\/www.ekd.de\">www.ekd.de<\/a>)<\/p>\n","protected":false},"excerpt":{"rendered":"<p>V s&uacute;vislosti s &uacute;pravami Katol&iacute;ckej biskupskej konferencie Nemecka vo veci b&yacute;val&yacute;ch \u010dlenov cirkvi, ktor&iacute; stratili n&aacute;rok na vysluhovanie sviatost&iacute;, vykon&aacute;vanie &uacute;radov a krstn&yacute;ch rodi\u010dov, a pod., pre epd sa vyjadril predseda &uacute;radu EKD Hans Ulrich Anke. Stav&nbsp; \u010dlenstva v EKD je jasne definovan&yacute;. &quot;V&yacute;stup z cirkvi m&aacute; za n&aacute;sledok stratu v&scaron;etk&yacute;ch pr&aacute;v s t&yacute;mto \u010dlenstvom &#8230; <a title=\"\u010clenstvo v ev. cirkvi v Nemecku je jasne definovan\u00e9\" class=\"read-more\" href=\"https:\/\/www.e-anjelik.sk\/index.php\/2012\/09\/27\/clenstvo-v-ev-cirkvi-v-nemecku-je-jasne-definovane\/\" aria-label=\"Pre\u010d\u00edtajte si viac o \u010clenstvo v ev. cirkvi v Nemecku je jasne definovan\u00e9\">\u010c\u00edta\u0165 viac<\/a><\/p>\n","protected":false},"author":22,"featured_media":0,"comment_status":"open","ping_status":"open","sticky":false,"template":"","format":"standard","meta":{"footnotes":""},"categories":[9,10],"tags":[],"class_list":["post-4724","post","type-post","status-publish","format-standard","hentry","category-europa","category-zo-sveta"],"_links":{"self":[{"href":"https:\/\/www.e-anjelik.sk\/index.php\/wp-json\/wp\/v2\/posts\/4724","targetHints":{"allow":["GET"]}}],"collection":[{"href":"https:\/\/www.e-anjelik.sk\/index.php\/wp-json\/wp\/v2\/posts"}],"about":[{"href":"https:\/\/www.e-anjelik.sk\/index.php\/wp-json\/wp\/v2\/types\/post"}],"author":[{"embeddable":true,"href":"https:\/\/www.e-anjelik.sk\/index.php\/wp-json\/wp\/v2\/users\/22"}],"replies":[{"embeddable":true,"href":"https:\/\/www.e-anjelik.sk\/index.php\/wp-json\/wp\/v2\/comments?post=4724"}],"version-history":[{"count":0,"href":"https:\/\/www.e-anjelik.sk\/index.php\/wp-json\/wp\/v2\/posts\/4724\/revisions"}],"wp:attachment":[{"href":"https:\/\/www.e-anjelik.sk\/index.php\/wp-json\/wp\/v2\/media?parent=4724"}],"wp:term":[{"taxonomy":"category","embeddable":true,"href":"https:\/\/www.e-anjelik.sk\/index.php\/wp-json\/wp\/v2\/categories?post=4724"},{"taxonomy":"post_tag","embeddable":true,"href":"https:\/\/www.e-anjelik.sk\/index.php\/wp-json\/wp\/v2\/tags?post=4724"}],"curies":[{"name":"wp","href":"https:\/\/api.w.org\/{rel}","templated":true}]}}