{"id":4728,"date":"2012-09-28T09:50:12","date_gmt":"2012-09-28T09:50:12","guid":{"rendered":"http:\/\/e-anjelik.sk\/?p=4728"},"modified":"2012-09-28T09:50:12","modified_gmt":"2012-09-28T09:50:12","slug":"biskup-selk-zvoleny-za-predsedu-ilc","status":"publish","type":"post","link":"https:\/\/www.e-anjelik.sk\/index.php\/2012\/09\/28\/biskup-selk-zvoleny-za-predsedu-ilc\/","title":{"rendered":"Biskup SELK zvolen\u00fd za predsedu ILC"},"content":{"rendered":"<p>Na zasadnut&iacute; Medzin&aacute;rodnej luter&aacute;nskej rady (ILC) v kanadskom Niagara Falls bol 20. septembra t.r. za jeho predsedu zvolen&yacute; biskup Nez&aacute;vislej evanjelicko-luter&aacute;nskej cirkvi Nemecka (SELK) Hans-Joerg Voigt. &Uacute;\u010dastn&iacute;kov zasadnutia pozdravil v mene gen. tajomn&iacute;ka Svetov&eacute;ho luter&aacute;nskeho zv&auml;zu v \u017deneve ,far&aacute;ra Martina Jungeho,&nbsp; Rev. Musa Panti&nbsp;Filibus&nbsp;, riadite\u013e Oddelenia pre misiu a rozvoj SLZ. 19. septembra pozdravil zhroma\u017eden&yacute;ch prezident Luter&aacute;nskej cirkvi Misurskej synody z USA Rev. Matthew Harrison. Referoval aj&nbsp;k t&eacute;me : Ordin&aacute;cia \u017eien a svetov&yacute; luteranizmus dnes. 24. konferencia ILC sa skon\u010dila z&aacute;vere\u010dn&yacute;mi slu\u017ebami Bo\u017e&iacute;mi 21. septembra 2012.<\/p>\n<p>(<a href=\"http:\/\/www.selk.de\">www.selk.de<\/a>)<\/p>\n","protected":false},"excerpt":{"rendered":"<p>Na zasadnut&iacute; Medzin&aacute;rodnej luter&aacute;nskej rady (ILC) v kanadskom Niagara Falls bol 20. septembra t.r. za jeho predsedu zvolen&yacute; biskup Nez&aacute;vislej evanjelicko-luter&aacute;nskej cirkvi Nemecka (SELK) Hans-Joerg Voigt. &Uacute;\u010dastn&iacute;kov zasadnutia pozdravil v mene gen. tajomn&iacute;ka Svetov&eacute;ho luter&aacute;nskeho zv&auml;zu v \u017deneve ,far&aacute;ra Martina Jungeho,&nbsp; Rev. Musa Panti&nbsp;Filibus&nbsp;, riadite\u013e Oddelenia pre misiu a rozvoj SLZ. 19. septembra pozdravil zhroma\u017eden&yacute;ch &#8230; <a title=\"Biskup SELK zvolen\u00fd za predsedu ILC\" class=\"read-more\" href=\"https:\/\/www.e-anjelik.sk\/index.php\/2012\/09\/28\/biskup-selk-zvoleny-za-predsedu-ilc\/\" aria-label=\"Pre\u010d\u00edtajte si viac o Biskup SELK zvolen\u00fd za predsedu ILC\">\u010c\u00edta\u0165 viac<\/a><\/p>\n","protected":false},"author":22,"featured_media":0,"comment_status":"open","ping_status":"open","sticky":false,"template":"","format":"standard","meta":{"footnotes":""},"categories":[1],"tags":[234],"class_list":["post-4728","post","type-post","status-publish","format-standard","hentry","category-adventna-modlitba","tag-zdruzenia-a-skupiny"],"_links":{"self":[{"href":"https:\/\/www.e-anjelik.sk\/index.php\/wp-json\/wp\/v2\/posts\/4728","targetHints":{"allow":["GET"]}}],"collection":[{"href":"https:\/\/www.e-anjelik.sk\/index.php\/wp-json\/wp\/v2\/posts"}],"about":[{"href":"https:\/\/www.e-anjelik.sk\/index.php\/wp-json\/wp\/v2\/types\/post"}],"author":[{"embeddable":true,"href":"https:\/\/www.e-anjelik.sk\/index.php\/wp-json\/wp\/v2\/users\/22"}],"replies":[{"embeddable":true,"href":"https:\/\/www.e-anjelik.sk\/index.php\/wp-json\/wp\/v2\/comments?post=4728"}],"version-history":[{"count":0,"href":"https:\/\/www.e-anjelik.sk\/index.php\/wp-json\/wp\/v2\/posts\/4728\/revisions"}],"wp:attachment":[{"href":"https:\/\/www.e-anjelik.sk\/index.php\/wp-json\/wp\/v2\/media?parent=4728"}],"wp:term":[{"taxonomy":"category","embeddable":true,"href":"https:\/\/www.e-anjelik.sk\/index.php\/wp-json\/wp\/v2\/categories?post=4728"},{"taxonomy":"post_tag","embeddable":true,"href":"https:\/\/www.e-anjelik.sk\/index.php\/wp-json\/wp\/v2\/tags?post=4728"}],"curies":[{"name":"wp","href":"https:\/\/api.w.org\/{rel}","templated":true}]}}