{"id":4731,"date":"2012-10-01T08:28:02","date_gmt":"2012-10-01T08:28:02","guid":{"rendered":"http:\/\/e-anjelik.sk\/?p=4731"},"modified":"2012-10-01T08:28:02","modified_gmt":"2012-10-01T08:28:02","slug":"12-stretnutie-duchovnych-ugrofinskych-jazykov-v-tartu-estonsko","status":"publish","type":"post","link":"https:\/\/www.e-anjelik.sk\/index.php\/2012\/10\/01\/12-stretnutie-duchovnych-ugrofinskych-jazykov-v-tartu-estonsko\/","title":{"rendered":"12. stretnutie duchovn\u00fdch ugrof\u00ednskych jazykov v Tartu, Est\u00f3nsko"},"content":{"rendered":"<p>Pod mottom: &quot;Je\u017ei&scaron; Kristus v\u010dera, dnes i naveky ten ist&yacute; &quot; sa konalo v meste Tartu, Est&oacute;nsko 12. stretnutie evanjelick&yacute;ch duchovn&yacute;ch ugrof&iacute;nskych jazykov. Stretnutie bolo v d\u0148och 26. a\u017e 30. septembra 2012 a nieslo sa v znamen&iacute; 75- ro\u010dn&eacute;ho jubilea tak&yacute;chto kontaktov. Na programe bolo ohliadnutie na pr&aacute;cu v cirkevn&yacute;ch zboroch v minulosti a v \u010fal&scaron;om dni poh\u013ead na pr&aacute;cu v cirkv&aacute;ch v bud&uacute;cnosti. Tam je smerodajn&aacute; misijn&aacute; pr&aacute;ca, preto sa pr&iacute;tomn&iacute; venovali strat&eacute;gii pod dan&yacute;m heslom. V z&aacute;vere t&yacute;\u017ed\u0148a sa rozi&scaron;li do cirkevn&yacute;ch zborov est&oacute;nskej cirkvi, kde v nede\u013eu boli aj kazate\u013emi Bo\u017eieho slova. Na stretnut&iacute; boli pr&iacute;tomn&iacute; duchovn&iacute; z F&iacute;nska, Est&oacute;nska, Ma\u010farska, z rumunsk&eacute;ho Sedmohradska a z ruskej Ingrijskej cirkvi.<\/p>\n<p>(<a href=\"http:\/\/www.evangelikus.hu\">www.evangelikus.hu<\/a>)<\/p>\n","protected":false},"excerpt":{"rendered":"<p>Pod mottom: &quot;Je\u017ei&scaron; Kristus v\u010dera, dnes i naveky ten ist&yacute; &quot; sa konalo v meste Tartu, Est&oacute;nsko 12. stretnutie evanjelick&yacute;ch duchovn&yacute;ch ugrof&iacute;nskych jazykov. Stretnutie bolo v d\u0148och 26. a\u017e 30. septembra 2012 a nieslo sa v znamen&iacute; 75- ro\u010dn&eacute;ho jubilea tak&yacute;chto kontaktov. Na programe bolo ohliadnutie na pr&aacute;cu v cirkevn&yacute;ch zboroch v minulosti a v &#8230; <a title=\"12. stretnutie duchovn\u00fdch ugrof\u00ednskych jazykov v Tartu, Est\u00f3nsko\" class=\"read-more\" href=\"https:\/\/www.e-anjelik.sk\/index.php\/2012\/10\/01\/12-stretnutie-duchovnych-ugrofinskych-jazykov-v-tartu-estonsko\/\" aria-label=\"Pre\u010d\u00edtajte si viac o 12. stretnutie duchovn\u00fdch ugrof\u00ednskych jazykov v Tartu, Est\u00f3nsko\">\u010c\u00edta\u0165 viac<\/a><\/p>\n","protected":false},"author":22,"featured_media":0,"comment_status":"open","ping_status":"open","sticky":false,"template":"","format":"standard","meta":{"footnotes":""},"categories":[1],"tags":[234],"class_list":["post-4731","post","type-post","status-publish","format-standard","hentry","category-adventna-modlitba","tag-zdruzenia-a-skupiny"],"_links":{"self":[{"href":"https:\/\/www.e-anjelik.sk\/index.php\/wp-json\/wp\/v2\/posts\/4731","targetHints":{"allow":["GET"]}}],"collection":[{"href":"https:\/\/www.e-anjelik.sk\/index.php\/wp-json\/wp\/v2\/posts"}],"about":[{"href":"https:\/\/www.e-anjelik.sk\/index.php\/wp-json\/wp\/v2\/types\/post"}],"author":[{"embeddable":true,"href":"https:\/\/www.e-anjelik.sk\/index.php\/wp-json\/wp\/v2\/users\/22"}],"replies":[{"embeddable":true,"href":"https:\/\/www.e-anjelik.sk\/index.php\/wp-json\/wp\/v2\/comments?post=4731"}],"version-history":[{"count":0,"href":"https:\/\/www.e-anjelik.sk\/index.php\/wp-json\/wp\/v2\/posts\/4731\/revisions"}],"wp:attachment":[{"href":"https:\/\/www.e-anjelik.sk\/index.php\/wp-json\/wp\/v2\/media?parent=4731"}],"wp:term":[{"taxonomy":"category","embeddable":true,"href":"https:\/\/www.e-anjelik.sk\/index.php\/wp-json\/wp\/v2\/categories?post=4731"},{"taxonomy":"post_tag","embeddable":true,"href":"https:\/\/www.e-anjelik.sk\/index.php\/wp-json\/wp\/v2\/tags?post=4731"}],"curies":[{"name":"wp","href":"https:\/\/api.w.org\/{rel}","templated":true}]}}