{"id":4735,"date":"2012-10-02T07:45:36","date_gmt":"2012-10-02T07:45:36","guid":{"rendered":"http:\/\/e-anjelik.sk\/?p=4735"},"modified":"2012-10-02T07:45:36","modified_gmt":"2012-10-02T07:45:36","slug":"u-luzickych-srbov-v-budysine","status":"publish","type":"post","link":"https:\/\/www.e-anjelik.sk\/index.php\/2012\/10\/02\/u-luzickych-srbov-v-budysine\/","title":{"rendered":"U Lu\u017eick\u00fdch Srbov v Budy\u0161\u00edne"},"content":{"rendered":"<p style=\"text-align: justify;\">\u010cty\u0159i z&aacute;stupci \u010ceskobratrsk&eacute; c&iacute;rkve evangelick&eacute; se setkali v Budy&scaron;&iacute;n\u011b (N\u011bmecko) s Janem a Trudlou Malinkov&yacute;mi, far&aacute;\u0159em jednoho z deseti sbor\u016f, kde se konaj&iacute; srbsko-n\u011bmeck&eacute; bohoslu\u017eby, a &scaron;&eacute;fredaktorkou \u010dasopisu evangelick&yacute;ch Srb\u016f <em>Pomhaj B&oacute;h<\/em>. Synodn&iacute; senior Joel Ruml, synodn&iacute; kur&aacute;torka Lia Valkov&aacute;, \u010dlen synodn&iacute; rady Pavel Stola\u0159 a tajemn&iacute;k pro ekumenu Gerhard Frey-Reininghaus nav&scaron;t&iacute;vili man\u017eele Malinkovy koncem b\u0159ezna cestou do Berl&iacute;na.<\/p>\n<p style=\"text-align: justify;\"><a href=\"http:\/\/www.ceskybratr.cz\/wp-content\/uploads\/2012\/05\/1Bautz.jpg\"><img loading=\"lazy\" decoding=\"async\" width=\"300\" height=\"235\" title=\"1Bautz\" class=\"alignleft size-medium wp-image-1325\" alt=\"\" src=\"http:\/\/www.ceskybratr.cz\/wp-content\/uploads\/2012\/05\/1Bautz-300x235.jpg\" \/><\/a><\/p>\n<p style=\"text-align: justify;\">A\u010dkoli bylo setk&aacute;n&iacute; na n\u011bmeck&eacute; p\u016fd\u011b a evangeli\u010dt&iacute; Srbov&eacute; jsou c&iacute;rkevn\u011b p\u0159&iacute;slu&scaron;ni k Evangelick&eacute; lutersk&eacute; zemsk&eacute; c&iacute;rkvi v Sasku (EVLKS) i \u010d&aacute;ste\u010dn\u011b k Evangelick&eacute; c&iacute;rkvi Berl&iacute;n-Braniborsko-slezsk&aacute; Horn&iacute; Lu\u017eice (EKBO), mluvilo se celou dobu \u010desky a srbsky. V p\u0159&iacute;jemn&eacute;m prost\u0159ed&iacute; ob&yacute;vac&iacute;ho pokoje u Malink\u016f se jednalo o nav&aacute;z&aacute;n&iacute; u\u017e&scaron;&iacute;ch kontakt\u016f mezi sbory v Horn&iacute; a Doln&iacute; Lu\u017eici a \u010desk&yacute;mi evangel&iacute;ky. Padly n&aacute;vrhy na spolupr&aacute;ci p\u0159i vz&aacute;jemn&eacute; podpo\u0159e student\u016f, v&yacute;m\u011bn\u011b c&iacute;rkevn&iacute;ch \u010dasopis\u016f a organizaci \u010dast\u011bj&scaron;&iacute;ch osobn&iacute;ch kontakt\u016f. Synodn&iacute; senior dostal od far&aacute;\u0159e Malinka zp\u011bvn&iacute;k evangelick&yacute;ch Srb\u016f, jmenuje se <em>Sp\u011bwarske za ewangelskich Serbow<\/em>\/, dedikov&aacute;n &bdquo;Bohu k \u010des\u010di a Serbam k wu\u017eitku&ldquo;. Tomu ka\u017ed&yacute; \u010cech porozum&iacute;.<\/p>\n<div class=\"wp-caption aligncenter\" id=\"attachment_1326\" style=\"width: 310px;\"><a href=\"http:\/\/www.ceskybratr.cz\/wp-content\/uploads\/2012\/05\/2Bautz.jpg\"><img loading=\"lazy\" decoding=\"async\" width=\"300\" height=\"224\" title=\"2Bautz\" class=\"size-medium wp-image-1326\" alt=\"\" src=\"http:\/\/www.ceskybratr.cz\/wp-content\/uploads\/2012\/05\/2Bautz-300x224.jpg\" \/><\/a><\/p>\n<p class=\"wp-caption-text\">man\u017eel&eacute; Malinkovi<\/p>\n<\/div>\n<p style=\"text-align: center;\">Lu\u017ei\u010dt&iacute; Srbov&eacute; jsou mal&yacute; z&aacute;padoslovansk&yacute; n&aacute;rod ob&yacute;vaj&iacute;c&iacute; jihov&yacute;chodn&iacute; \u010d&aacute;st v&yacute;chodn&iacute;ho N\u011bmecka, historicky zvanou Lu\u017eice. Pou\u017e&iacute;vaj&iacute; dva samostatn&eacute; spisovn&eacute; jazyky: hornolu\u017eickou srb&scaron;tinu a dolnolu\u017eickou srb&scaron;tinu. Od 14. stolet&iacute; do roku 1635 byla Lu\u017eice sou\u010d&aacute;st&iacute; zem&iacute; Koruny \u010desk&eacute;. Po v&aacute;lce byli Srbov&eacute; v&yacute;razn\u011b podporov&aacute;ni z Prahy (gymn&aacute;zium, tisk&aacute;rna, rozhlasov&eacute; po\u0159ady). V dob\u011b NDR byla vybudov&aacute;na velkorys&aacute; s&iacute;\u0165 srbsk&yacute;ch instituc&iacute;. Cenou za tuto v d\u011bjin&aacute;ch Srb\u016f jedine\u010dnou podporu byla pln&aacute; integrace do komunisty \u0159&iacute;zen&yacute;ch struktur. V sou\u010dasnosti si cizinec nejprve pov&scaron;imne dvoujazy\u010dn&yacute;ch n&aacute;zv\u016f. Srbov&eacute; provozuj&iacute; vlastn&iacute; studio v televizi MDR. Pr&aacute;va Srb\u016f v Sasku dnes zaru\u010duje &Uacute;stava svobodn&eacute;ho st&aacute;tu Saska. Evangelick&eacute; sbory jsou sou\u010d&aacute;st&iacute; EVLKS a \u010d&aacute;ste\u010dn\u011b  EKBO, asi v des&iacute;ti z nich se konaj&iacute; dvojjazy\u010dn&eacute; n\u011bmecko-srbsk&eacute; bohoslu\u017eby. Srb&scaron;tina jako \u017eiv&yacute; a obyvatelstvem pou\u017e&iacute;van&yacute; jazyk miz&iacute;, zachov&aacute;vaj&iacute; se ale lidov&eacute; zvyky a oby\u010deje.<\/p>\n<p style=\"text-align: justify;\"><em><strong>\u010cesk&yacute; bratr, 5\/2012<\/strong><\/em><\/p>\n","protected":false},"excerpt":{"rendered":"<p>\u010cty\u0159i z&aacute;stupci \u010ceskobratrsk&eacute; c&iacute;rkve evangelick&eacute; se setkali v Budy&scaron;&iacute;n\u011b (N\u011bmecko) s Janem a Trudlou Malinkov&yacute;mi, far&aacute;\u0159em jednoho z deseti sbor\u016f, kde se konaj&iacute; srbsko-n\u011bmeck&eacute; bohoslu\u017eby, a &scaron;&eacute;fredaktorkou \u010dasopisu evangelick&yacute;ch Srb\u016f Pomhaj B&oacute;h. Synodn&iacute; senior Joel Ruml, synodn&iacute; kur&aacute;torka Lia Valkov&aacute;, \u010dlen synodn&iacute; rady Pavel Stola\u0159 a tajemn&iacute;k pro ekumenu Gerhard Frey-Reininghaus nav&scaron;t&iacute;vili man\u017eele Malinkovy koncem &#8230; <a title=\"U Lu\u017eick\u00fdch Srbov v Budy\u0161\u00edne\" class=\"read-more\" href=\"https:\/\/www.e-anjelik.sk\/index.php\/2012\/10\/02\/u-luzickych-srbov-v-budysine\/\" aria-label=\"Pre\u010d\u00edtajte si viac o U Lu\u017eick\u00fdch Srbov v Budy\u0161\u00edne\">\u010c\u00edta\u0165 viac<\/a><\/p>\n","protected":false},"author":22,"featured_media":0,"comment_status":"open","ping_status":"open","sticky":false,"template":"","format":"standard","meta":{"footnotes":""},"categories":[1,193],"tags":[234],"class_list":["post-4735","post","type-post","status-publish","format-standard","hentry","category-adventna-modlitba","category-co-pisu-ini","tag-zdruzenia-a-skupiny"],"_links":{"self":[{"href":"https:\/\/www.e-anjelik.sk\/index.php\/wp-json\/wp\/v2\/posts\/4735","targetHints":{"allow":["GET"]}}],"collection":[{"href":"https:\/\/www.e-anjelik.sk\/index.php\/wp-json\/wp\/v2\/posts"}],"about":[{"href":"https:\/\/www.e-anjelik.sk\/index.php\/wp-json\/wp\/v2\/types\/post"}],"author":[{"embeddable":true,"href":"https:\/\/www.e-anjelik.sk\/index.php\/wp-json\/wp\/v2\/users\/22"}],"replies":[{"embeddable":true,"href":"https:\/\/www.e-anjelik.sk\/index.php\/wp-json\/wp\/v2\/comments?post=4735"}],"version-history":[{"count":0,"href":"https:\/\/www.e-anjelik.sk\/index.php\/wp-json\/wp\/v2\/posts\/4735\/revisions"}],"wp:attachment":[{"href":"https:\/\/www.e-anjelik.sk\/index.php\/wp-json\/wp\/v2\/media?parent=4735"}],"wp:term":[{"taxonomy":"category","embeddable":true,"href":"https:\/\/www.e-anjelik.sk\/index.php\/wp-json\/wp\/v2\/categories?post=4735"},{"taxonomy":"post_tag","embeddable":true,"href":"https:\/\/www.e-anjelik.sk\/index.php\/wp-json\/wp\/v2\/tags?post=4735"}],"curies":[{"name":"wp","href":"https:\/\/api.w.org\/{rel}","templated":true}]}}