{"id":4739,"date":"2012-10-03T07:21:25","date_gmt":"2012-10-03T07:21:25","guid":{"rendered":"http:\/\/e-anjelik.sk\/?p=4739"},"modified":"2012-10-03T07:21:25","modified_gmt":"2012-10-03T07:21:25","slug":"3-oktober","status":"publish","type":"post","link":"https:\/\/www.e-anjelik.sk\/index.php\/2012\/10\/03\/3-oktober\/","title":{"rendered":"3. OKT\u00d3BER"},"content":{"rendered":"<p>&nbsp;<span class=\"Apple-style-span\" style=\"font-family: Helvetica; font-size: 16px; line-height: normal; \">&nbsp; &nbsp; &nbsp; &nbsp; &nbsp; &nbsp; &nbsp; &nbsp; &nbsp; &nbsp; &nbsp; &nbsp; &nbsp; &nbsp; &nbsp; &nbsp; &nbsp; &nbsp; &nbsp; &nbsp; &nbsp; &nbsp; &nbsp; &nbsp; &nbsp; &nbsp; &nbsp; &nbsp; &nbsp;3. OKT&Oacute;BER<\/span><\/p>\n<p style=\"margin: 0.0px 0.0px 0.0px 0.0px; font: 16.0px Helvetica; min-height: 19.0px\">&nbsp;<\/p>\n<p style=\"margin: 0.0px 0.0px 0.0px 0.0px; font: 16.0px Helvetica\"><span style=\"letter-spacing: 0.0px\"><b><i>Pozrite vt&aacute;kov nebesk&yacute;ch: ani nesej&uacute; ani ne\u017en&uacute;, ani nezhroma\u017e\u010fuj&uacute; do stod&ocirc;l, a v&aacute;&scaron; Otec nebesk&yacute; ich \u017eiv&iacute;. \u010ci vy nie ste omnoho viac ako oni?&nbsp;<\/i><\/b><\/span><\/p>\n<p style=\"margin: 0.0px 0.0px 0.0px 0.0px; font: 16.0px Helvetica; min-height: 19.0px\">&nbsp;<\/p>\n<p style=\"margin: 0.0px 0.0px 0.0px 0.0px; font: 16.0px Helvetica\"><span style=\"letter-spacing: 0.0px\"><b><i>&nbsp;&nbsp; &nbsp;<\/i><\/b><i> &nbsp; &nbsp; &nbsp; &nbsp; &nbsp; &nbsp; &nbsp; &nbsp; &nbsp; &nbsp; &nbsp; &nbsp; &nbsp; &nbsp; &nbsp; &nbsp; &nbsp; &nbsp; &nbsp; &nbsp; &nbsp; &nbsp; &nbsp; &nbsp; &nbsp; &nbsp; &nbsp; &nbsp; &nbsp; &nbsp; &nbsp; &nbsp; &nbsp; &nbsp; &nbsp; &nbsp; &nbsp; &nbsp; &nbsp; &nbsp; &nbsp; &nbsp; &nbsp; &nbsp; &nbsp; &nbsp; &nbsp; &nbsp; &nbsp; &nbsp; &nbsp; &nbsp; &nbsp; &nbsp; &nbsp; &nbsp; &nbsp; &nbsp; &nbsp; &nbsp; &nbsp; &nbsp; &nbsp; &nbsp; &nbsp; &nbsp; &nbsp; &nbsp; &nbsp; &nbsp; &nbsp; &nbsp; &nbsp; &nbsp; &nbsp; &nbsp; &nbsp; &nbsp; &nbsp;&nbsp;Mat&uacute;&scaron; 6, 26<\/i><\/span><\/p>\n<p style=\"margin: 0.0px 0.0px 0.0px 0.0px; font: 16.0px Helvetica; min-height: 19.0px\">&nbsp;<\/p>\n<p style=\"margin: 0.0px 0.0px 0.0px 0.0px; font: 16.0px Helvetica\"><span style=\"letter-spacing: 0.0px\"><i>&nbsp; &nbsp; &nbsp; Vt&aacute;\u010dat&aacute;, \u010do n&aacute;m lietaj&uacute; pred o\u010dami, si ctime, a mali by sme pre dnimi zlo\u017ei\u0165 na&scaron;e klob&uacute;\u010diky a poveda\u0165: M&ocirc;j mil&yacute;, mali\u010dk&yacute; p&aacute;n doktor, mus&iacute;m prizna\u0165, \u017ee neovl&aacute;dam umenie, ktor&eacute; ovl&aacute;da&scaron; ty. Prenocuje&scaron; vo svojom hniezdo\u010dku bez ustarostenosti. V\u010dasr&aacute;no vylet&iacute;&scaron;, si nate&scaron;en&eacute; a v dobrej n&aacute;lade, sadne&scaron; si na hociktor&yacute; strom a vyspevuje&scaron;, veleb&iacute;&scaron;&nbsp; a \u010fakuje&scaron; Bohu; potom h\u013ead&aacute;&scaron; svoje zrnko a nach&aacute;dza&scaron; ho.&nbsp;<\/i><\/span><\/p>\n<p style=\"margin: 0.0px 0.0px 0.0px 0.0px; font: 16.0px Helvetica\"><span style=\"letter-spacing: 0.0px\"><i>Fuj, som ja u\u017e len star&yacute; bl&aacute;zon, ktor&yacute; sa nanau\u010dil kona\u0165 ako ty, aj ke\u010f m&aacute;m na to ve\u013emi mnoho d&ocirc;vodov! Vt&aacute;\u010da zab&uacute;da na svoje starosti a zachov&aacute;va sa v takomto pr&iacute;pade ako opravdov&yacute; sv&auml;t&yacute;; nem&aacute; ani pole ani stodoly, ani skrine ani komory; vyspevuje, veleb&iacute; Boha, je radostn&eacute; a dobrej n&aacute;lady.<\/i><\/span><\/p>\n<p style=\"margin: 0.0px 0.0px 0.0px 0.0px; font: 16.0px Helvetica; min-height: 19.0px\">&nbsp;<\/p>\n<p style=\"margin: 0.0px 0.0px 0.0px 0.0px; font: 12.0px Helvetica\"><span style=\"font: 16.0px Helvetica; letter-spacing: 0.0px\"><i>&nbsp; &nbsp; &nbsp; &nbsp; &nbsp; &nbsp; &nbsp; &nbsp; &nbsp; &nbsp; &nbsp; &nbsp; &nbsp; &nbsp; &nbsp; &nbsp; &nbsp; &nbsp; &nbsp; &nbsp; &nbsp; &nbsp; &nbsp; &nbsp; &nbsp; &nbsp; &nbsp; &nbsp;&nbsp;<\/i><\/span><span style=\"letter-spacing: 0.0px\"><i>Martin Luther: Smerovn&iacute;k kres\u0165anskej cesty<\/i><\/span><\/p>\n<div><span style=\"letter-spacing: 0.0px\"><i><br \/>\n<\/i><\/span><\/div>\n","protected":false},"excerpt":{"rendered":"<p>&nbsp;&nbsp; &nbsp; &nbsp; &nbsp; &nbsp; &nbsp; &nbsp; &nbsp; &nbsp; &nbsp; &nbsp; &nbsp; &nbsp; &nbsp; &nbsp; &nbsp; &nbsp; &nbsp; &nbsp; &nbsp; &nbsp; &nbsp; &nbsp; &nbsp; &nbsp; &nbsp; &nbsp; &nbsp; &nbsp;3. OKT&Oacute;BER &nbsp; Pozrite vt&aacute;kov nebesk&yacute;ch: ani nesej&uacute; ani ne\u017en&uacute;, ani nezhroma\u017e\u010fuj&uacute; do stod&ocirc;l, a v&aacute;&scaron; Otec nebesk&yacute; ich \u017eiv&iacute;. \u010ci vy nie ste omnoho viac ako &#8230; <a title=\"3. OKT\u00d3BER\" class=\"read-more\" href=\"https:\/\/www.e-anjelik.sk\/index.php\/2012\/10\/03\/3-oktober\/\" aria-label=\"Pre\u010d\u00edtajte si viac o 3. OKT\u00d3BER\">\u010c\u00edta\u0165 viac<\/a><\/p>\n","protected":false},"author":4,"featured_media":0,"comment_status":"open","ping_status":"open","sticky":false,"template":"","format":"standard","meta":{"footnotes":""},"categories":[1],"tags":[],"class_list":["post-4739","post","type-post","status-publish","format-standard","hentry","category-adventna-modlitba"],"_links":{"self":[{"href":"https:\/\/www.e-anjelik.sk\/index.php\/wp-json\/wp\/v2\/posts\/4739","targetHints":{"allow":["GET"]}}],"collection":[{"href":"https:\/\/www.e-anjelik.sk\/index.php\/wp-json\/wp\/v2\/posts"}],"about":[{"href":"https:\/\/www.e-anjelik.sk\/index.php\/wp-json\/wp\/v2\/types\/post"}],"author":[{"embeddable":true,"href":"https:\/\/www.e-anjelik.sk\/index.php\/wp-json\/wp\/v2\/users\/4"}],"replies":[{"embeddable":true,"href":"https:\/\/www.e-anjelik.sk\/index.php\/wp-json\/wp\/v2\/comments?post=4739"}],"version-history":[{"count":0,"href":"https:\/\/www.e-anjelik.sk\/index.php\/wp-json\/wp\/v2\/posts\/4739\/revisions"}],"wp:attachment":[{"href":"https:\/\/www.e-anjelik.sk\/index.php\/wp-json\/wp\/v2\/media?parent=4739"}],"wp:term":[{"taxonomy":"category","embeddable":true,"href":"https:\/\/www.e-anjelik.sk\/index.php\/wp-json\/wp\/v2\/categories?post=4739"},{"taxonomy":"post_tag","embeddable":true,"href":"https:\/\/www.e-anjelik.sk\/index.php\/wp-json\/wp\/v2\/tags?post=4739"}],"curies":[{"name":"wp","href":"https:\/\/api.w.org\/{rel}","templated":true}]}}