{"id":4741,"date":"2012-10-03T10:48:31","date_gmt":"2012-10-03T10:48:31","guid":{"rendered":"http:\/\/e-anjelik.sk\/?p=4741"},"modified":"2012-10-03T10:48:31","modified_gmt":"2012-10-03T10:48:31","slug":"misijny-den-madarskych-evanjelikov-v-tornali","status":"publish","type":"post","link":"https:\/\/www.e-anjelik.sk\/index.php\/2012\/10\/03\/misijny-den-madarskych-evanjelikov-v-tornali\/","title":{"rendered":"Misijn\u00fd de\u0148 ma\u010farsk\u00fdch evanjelikov v Tornali"},"content":{"rendered":"<p>V sobotu 22. septembra 2012 sa v cirkevnom zbore ecav v Tornali konal misijn&yacute; de\u0148 ma\u010farsk&yacute;ch evanjelikov. Pr&iacute;tomn&iacute; na \u0148om boli v&auml;\u010d&scaron;inou evanjelick&iacute; veriaci ma\u010farskej n&aacute;rodnosti z viacer&yacute;ch zborov Slovenska. Ako hos\u0165uj&uacute;ci bol ev. cirkevn&yacute; zbor Filadelfia z Ny&iacute;rteleku pod veden&iacute;m svojho duchovn&eacute;ho Gy&ouml;rfi Mih&aacute;lyia. Tento zbor je zn&aacute;my svojou misijnou \u010dinnos\u0165ou doma i v zahrani\u010d&iacute;. V kostole odzneli pozdravy za dom&aacute;ci zbor, potom sa predstavili z&aacute;stupcovia pr&iacute;tomn&yacute;ch cirkevn&yacute;ch zborov. Pr&iacute;tomn&yacute;ch pozdravila spevom slovensk&yacute;ch piesn&iacute;&nbsp;aj diev\u010densk&aacute; skupina z dc&eacute;rocirkvi Kr&aacute;\u013e. Kr&aacute;tky pozdrav povedal aj susedn&yacute; far&aacute;r z Gemera D.Ruszny&aacute;k a far&aacute;r Nagy Oliv&eacute;r z cz Doln&eacute; Saliby. T&eacute;mou evanjeliz&aacute;cie bolo heslo: Kr&iacute;\u017e ako pohor&scaron;enie.K&aacute;ze\u0148 povedal hos\u0165 z Ma\u010farska .&nbsp;Osobn&eacute; svedectvo predniesli r&oacute;mski veriaci z Ma\u010farska. Popoludn&iacute; program pokra\u010doval duchovn&yacute;mi pr&iacute;hovormi k t&eacute;me, diskusiou a na z&aacute;ver bola prisl&uacute;\u017een&aacute; Ve\u010dera P&aacute;nova.Pod\u013ea miestneho zborov&eacute;ho kapl&aacute;na Marcela I&scaron;tv&aacute;na na podujat&iacute; bolo pr&iacute;tomn&yacute;ch do 130 os&ocirc;b.&nbsp;<\/p>\n<p>(<a href=\"http:\/\/www.evangelikus.hu\">www.evangelikus.hu<\/a>; http:\/\/ filadelfia.lutheran.hu)<\/p>\n","protected":false},"excerpt":{"rendered":"<p>V sobotu 22. septembra 2012 sa v cirkevnom zbore ecav v Tornali konal misijn&yacute; de\u0148 ma\u010farsk&yacute;ch evanjelikov. Pr&iacute;tomn&iacute; na \u0148om boli v&auml;\u010d&scaron;inou evanjelick&iacute; veriaci ma\u010farskej n&aacute;rodnosti z viacer&yacute;ch zborov Slovenska. Ako hos\u0165uj&uacute;ci bol ev. cirkevn&yacute; zbor Filadelfia z Ny&iacute;rteleku pod veden&iacute;m svojho duchovn&eacute;ho Gy&ouml;rfi Mih&aacute;lyia. Tento zbor je zn&aacute;my svojou misijnou \u010dinnos\u0165ou doma i v &#8230; <a title=\"Misijn\u00fd de\u0148 ma\u010farsk\u00fdch evanjelikov v Tornali\" class=\"read-more\" href=\"https:\/\/www.e-anjelik.sk\/index.php\/2012\/10\/03\/misijny-den-madarskych-evanjelikov-v-tornali\/\" aria-label=\"Pre\u010d\u00edtajte si viac o Misijn\u00fd de\u0148 ma\u010farsk\u00fdch evanjelikov v Tornali\">\u010c\u00edta\u0165 viac<\/a><\/p>\n","protected":false},"author":22,"featured_media":0,"comment_status":"open","ping_status":"open","sticky":false,"template":"","format":"standard","meta":{"footnotes":""},"categories":[1],"tags":[234],"class_list":["post-4741","post","type-post","status-publish","format-standard","hentry","category-adventna-modlitba","tag-zdruzenia-a-skupiny"],"_links":{"self":[{"href":"https:\/\/www.e-anjelik.sk\/index.php\/wp-json\/wp\/v2\/posts\/4741","targetHints":{"allow":["GET"]}}],"collection":[{"href":"https:\/\/www.e-anjelik.sk\/index.php\/wp-json\/wp\/v2\/posts"}],"about":[{"href":"https:\/\/www.e-anjelik.sk\/index.php\/wp-json\/wp\/v2\/types\/post"}],"author":[{"embeddable":true,"href":"https:\/\/www.e-anjelik.sk\/index.php\/wp-json\/wp\/v2\/users\/22"}],"replies":[{"embeddable":true,"href":"https:\/\/www.e-anjelik.sk\/index.php\/wp-json\/wp\/v2\/comments?post=4741"}],"version-history":[{"count":0,"href":"https:\/\/www.e-anjelik.sk\/index.php\/wp-json\/wp\/v2\/posts\/4741\/revisions"}],"wp:attachment":[{"href":"https:\/\/www.e-anjelik.sk\/index.php\/wp-json\/wp\/v2\/media?parent=4741"}],"wp:term":[{"taxonomy":"category","embeddable":true,"href":"https:\/\/www.e-anjelik.sk\/index.php\/wp-json\/wp\/v2\/categories?post=4741"},{"taxonomy":"post_tag","embeddable":true,"href":"https:\/\/www.e-anjelik.sk\/index.php\/wp-json\/wp\/v2\/tags?post=4741"}],"curies":[{"name":"wp","href":"https:\/\/api.w.org\/{rel}","templated":true}]}}