{"id":4743,"date":"2012-10-04T08:12:49","date_gmt":"2012-10-04T08:12:49","guid":{"rendered":"http:\/\/e-anjelik.sk\/?p=4743"},"modified":"2012-10-04T08:12:49","modified_gmt":"2012-10-04T08:12:49","slug":"anton-bernolak-250-vyrocie-narodenia","status":"publish","type":"post","link":"https:\/\/www.e-anjelik.sk\/index.php\/2012\/10\/04\/anton-bernolak-250-vyrocie-narodenia\/","title":{"rendered":"Anton Bernol\u00e1k- 250.v\u00fdro\u010die narodenia"},"content":{"rendered":"<p>&nbsp;<b>&nbsp; &nbsp; &nbsp; &nbsp; &nbsp; &nbsp; &nbsp; &nbsp; &nbsp; &nbsp; &nbsp; &nbsp; &nbsp; &nbsp; &nbsp; &nbsp; &nbsp; &nbsp; &nbsp; &nbsp; &nbsp; &nbsp; &nbsp; &nbsp; &nbsp; &nbsp; &nbsp;Anton Bernol&aacute;k <\/b>&#8211; 250.v&yacute;ro\u010die narodenia.<\/p>\n<p style=\"margin: 0.0px 0.0px 0.0px 0.0px; font: 16.0px Helvetica; min-height: 19.0px\">&nbsp;<\/p>\n<p style=\"margin: 0.0px 0.0px 0.0px 0.0px; font: 16.0px Helvetica\"><span style=\"letter-spacing: 0.0px\">Rkc.k\u0148az, kodifik&aacute;tor spisovnej sloven\u010diny na z&aacute;klade z&aacute;padoslovensk&eacute;ho n&aacute;re\u010dia (&iacute;). Poch&aacute;dzal zo &scaron;\u013eachtickej rodiny zo Slanice. V r. 1787 dokon\u010dil &scaron;t&uacute;diu Dissertatio philologico-critica de litteris Slavorum \/Filozoficko-kritick&aacute; rozprava o p&iacute;smen&aacute;ch Slov&aacute;kov\/ ako prv&yacute; krok k ust&aacute;leniu spisovnej normy. Kritick&eacute; vydanie diela pripravil a vydal v r.1941 pof.J. Stanislav. K tomuto v&yacute;ro\u010diu A.Bernol&aacute;ka vy&scaron;la dnes pekn&aacute; pr&iacute;le\u017eitostn&aacute; po&scaron;tov&aacute; zn&aacute;mka.<\/span><\/p>\n<p style=\"margin: 0.0px 0.0px 0.0px 0.0px; font: 16.0px Helvetica; min-height: 19.0px\"><span style=\"letter-spacing: 0.0px\">&nbsp;&nbsp; &nbsp;<\/span><\/p>\n<p style=\"margin: 0.0px 0.0px 0.0px 0.0px; font: 16.0px Helvetica\"><span style=\"letter-spacing: 0.0px\">U\u017e Jozef Ign&aacute;c Bajza p&iacute;sal svoj rom&aacute;n: Ren&eacute; ml&aacute;\u010fenca pr&iacute;hodi a sk&uacute;senos\u0165i \/1783 svojsk&yacute;m <i>&ldquo; uhersko- slovensk&yacute;m&rdquo;<\/i>&nbsp; jazykom a nepridal sa k Bernol&aacute;kovej kodifik&aacute;cii sloven\u010diny. Zostal preto izolovan&yacute;m zjavom v slovenskej literat&uacute;re.<\/span><\/p>\n<p style=\"margin: 0.0px 0.0px 0.0px 0.0px; font: 16.0px Helvetica; min-height: 19.0px\">&nbsp;<\/p>\n<p style=\"margin: 0.0px 0.0px 0.0px 0.0px; font: 16.0px Helvetica\"><span style=\"letter-spacing: 0.0px\">&nbsp;&nbsp; &nbsp; <b>Prv&yacute;m<\/b> mu\u017eom v na&scaron;ich dejin&aacute;ch, ktor&yacute; formuloval te&oacute;riu o centr&aacute;lnosti a historickej prvotnosti slovensk&eacute;ho jazyka, bol evanjeick&yacute; far&aacute;r v Kremnici: \u017eilinsk&yacute; rod&aacute;k: <b>J&aacute;n FISCHER-PISCATORIS.&nbsp; <\/b><\/span><\/p>\n<p style=\"margin: 0.0px 0.0px 0.0px 0.0px; font: 16.0px Helvetica\"><span style=\"letter-spacing: 0.0px\">Vo Wittenbergu&nbsp; <b>v r. 1697<\/b> vydal&nbsp; filologick&uacute; dizert&aacute;ciu : <i>De origine, uire ac utilatate linguae Slavonicae &#8211; O p&ocirc;vode, pr&aacute;ve a u\u017eito\u010dnosti slovensk&eacute;ho jazyka.<\/i>&nbsp; V nej formuloval <b>te&oacute;riu o centr&aacute;lnosti<\/b> a historickej prvotnosti slovensk&eacute;ho jazyka. \/ <i>Iure proinde mater religuarum dicitur illa slavica lingua\/.<\/i><\/span><\/p>\n<p style=\"margin: 0.0px 0.0px 0.0px 0.0px; font: 16.0px Helvetica; min-height: 19.0px\"><span style=\"letter-spacing: 0.0px\"><i>&nbsp;&nbsp;<\/i><\/span><\/p>\n<p style=\"margin: 0.0px 0.0px 0.0px 0.0px; font: 16.0px Helvetica\"><span style=\"letter-spacing: 0.0px\"><i>&nbsp; &nbsp;<\/i><b><i> V r. 1746 <\/i><\/b><i>vy&scaron;la v Bratislave <\/i><b><i>Slovensko-\u010desk&aacute; gramatika<\/i><\/b><i>&nbsp;<\/i><\/span><\/p>\n<p style=\"margin: 0.0px 0.0px 0.0px 0.0px; font: 16.0px Helvetica\"><span style=\"letter-spacing: 0.0px\"><i>\/ Grammatica&nbsp; Slavico- Bohemica\/ od evanjelick&eacute;ho kazate\u013ea <\/i><b><i>Pavla Dole\u017eala. <\/i><\/b><i>&Uacute;vod k nej nap&iacute;sla <\/i>Matej<i>&nbsp; Bel.&nbsp;<\/i><\/span><\/p>\n<p style=\"margin: 0.0px 0.0px 0.0px 0.0px; font: 16.0px Helvetica; min-height: 19.0px\"><span style=\"letter-spacing: 0.0px\"><i>&nbsp; &nbsp; &nbsp; &nbsp; &nbsp; &nbsp;<\/i><\/span><\/p>\n<p style=\"margin: 0.0px 0.0px 0.0px 0.0px; font: 16.0px Helvetica\"><span style=\"letter-spacing: 0.0px\"><i>&nbsp; &nbsp; &nbsp; Slovenskej gramatike sa venoval&nbsp; aj&nbsp; <\/i><b><i>Daniel Krman.<\/i><\/b><\/span><\/p>\n<p style=\"margin: 0.0px 0.0px 0.0px 0.0px; font: 16.0px Helvetica\"><span style=\"letter-spacing: 0.0px\"><b><i>Krmanova gramatika: RUDIMNETA gramaticae Slavo Bohemicae, na ktorej pracoval desa\u0165 rokov \/ 1694 &#8211; 1704\/,<\/i><\/b><\/span><\/p>\n<p style=\"margin: 0.0px 0.0px 0.0px 0.0px; font: 16.0px Helvetica\"><span style=\"letter-spacing: 0.0px\">ktorej \u010das\u0165 je pravdepodobne v Halle, \u010das\u0165 objavil Dr.J.\u010caplovi\u010d -vy&scaron;la 10 rokov pred&nbsp; gramatikou P.Dole\u017eala, ktor&yacute; mnoh&eacute; \u010dasti prevzal temer doslovne. T&aacute;to sa stala z&aacute;kladom aj Bernol&aacute;kovej gramatiky z r 1790 !!<\/span><\/p>\n<p style=\"margin: 0.0px 0.0px 0.0px 0.0px; font: 16.0px Helvetica\"><span style=\"letter-spacing: 0.0px\">&nbsp; &nbsp; <\/span><\/p>\n<p style=\"margin: 0.0px 0.0px 0.0px 0.0px; font: 16.0px Helvetica\"><span style=\"letter-spacing: 0.0px\">O svojom gramatickom diele D.Krman nap&iacute;sal, \u017ee vzniklo:<i> &ldquo; z ukrutne nesmiernej pr&aacute;ce, o ak&uacute; sa z na&scaron;ich dosia\u013e nikto nepok&uacute;sil&rdquo;.<\/i><\/span><\/p>\n<p style=\"margin: 0.0px 0.0px 0.0px 0.0px; font: 16.0px Helvetica\"><span style=\"letter-spacing: 0.0px\"><i>U\u017e Krman mal snahu uz&aacute;koni\u0165 spisovn&uacute; sloven\u010dinu. \/Dr.J.Petr&iacute;k: Kapitoly z dom&aacute;cich cirk.dej&iacute;n, str 112\/.&nbsp;<\/i><\/span><\/p>\n<p style=\"margin: 0.0px 0.0px 0.0px 0.0px; font: 16.0px Helvetica\"><span style=\"letter-spacing: 0.0px\"><i>&nbsp;&nbsp; &nbsp; <\/i><\/span><\/p>\n<p style=\"margin: 0.0px 0.0px 0.0px 0.0px; font: 16.0px Helvetica\"><span style=\"letter-spacing: 0.0px\"><i>V jednej modlitbe: Chv&aacute;la budi\u017e Tob\u011b, n&aacute;&scaron; p\u0159edobr&yacute; Bo\u017ee &#8211; \u010fakuje Krman Bohu za dary, \u017ee mu zachoval slovensk&uacute; re\u010d a \u017ee nedopustil, aby jazyk n&aacute;&scaron;ho n&aacute;roda v dlh&yacute;ch b&uacute;rkach padol a stratil&nbsp;<\/i><\/span><span style=\"letter-spacing: 0.0px\"><i>sa.&nbsp;<\/i><\/span><\/p>\n<p style=\"margin: 0.0px 0.0px 0.0px 0.0px; font: 16.0px Helvetica\"><span style=\"letter-spacing: 0.0px\"><i>&nbsp; &nbsp; &nbsp; &nbsp; &nbsp; &nbsp; &nbsp; &nbsp; &nbsp; &nbsp; &nbsp; &nbsp; &nbsp; &nbsp; &nbsp; &nbsp; &nbsp; &nbsp; &nbsp; &nbsp; &nbsp; &nbsp; &nbsp; &nbsp; &nbsp; &nbsp; &nbsp; &nbsp; &nbsp; &nbsp; &nbsp; &nbsp; &nbsp; &nbsp; &nbsp; &nbsp; &nbsp; &nbsp; &nbsp; &nbsp; &nbsp; &nbsp; &nbsp; &nbsp; &nbsp; &nbsp; &nbsp; &nbsp; &nbsp; &nbsp; &nbsp; &nbsp; &nbsp; &nbsp; &nbsp; &nbsp; &nbsp; &nbsp; &nbsp; &nbsp; &nbsp; &nbsp; &nbsp; &nbsp; &nbsp; &nbsp; &nbsp; &nbsp; &nbsp; &nbsp; &nbsp; &nbsp; &nbsp; &nbsp; &nbsp; &nbsp; &nbsp; &nbsp;<\/i><\/span><\/p>\n<p style=\"margin: 0.0px 0.0px 0.0px 0.0px; font: 16.0px Helvetica\"><span style=\"letter-spacing: 0.0px\"><i>&nbsp; &nbsp; &nbsp; &nbsp; &nbsp; &nbsp; &nbsp; &nbsp; &nbsp; &nbsp; &nbsp; &nbsp; &nbsp; &nbsp; &nbsp; &nbsp; &nbsp; &nbsp; &nbsp; &nbsp; &nbsp; &nbsp; &nbsp; &nbsp; &nbsp; &nbsp; &nbsp; &nbsp; &nbsp; &nbsp; &nbsp; &nbsp; &nbsp; &nbsp; &nbsp; &nbsp; &nbsp; &nbsp; &nbsp; &nbsp; &nbsp; &nbsp; &nbsp; &nbsp; &nbsp; &nbsp; &nbsp; &nbsp; &nbsp; &nbsp; &nbsp; &nbsp; &nbsp; &nbsp; &nbsp; &nbsp; &nbsp; &nbsp; &nbsp; &nbsp; &nbsp; &nbsp; &nbsp; &nbsp; &nbsp; &nbsp; &nbsp; &nbsp; &nbsp; &nbsp; &nbsp; &nbsp; &nbsp; &nbsp; &nbsp; &nbsp; &nbsp; &nbsp; &nbsp; &nbsp;\u013d:Batka st.<\/i><\/span><\/p>\n<div><span style=\"letter-spacing: 0.0px\"><i><br \/>\n<\/i><\/span><\/div>\n","protected":false},"excerpt":{"rendered":"<p>&nbsp;&nbsp; &nbsp; &nbsp; &nbsp; &nbsp; &nbsp; &nbsp; &nbsp; &nbsp; &nbsp; &nbsp; &nbsp; &nbsp; &nbsp; &nbsp; &nbsp; &nbsp; &nbsp; &nbsp; &nbsp; &nbsp; &nbsp; &nbsp; &nbsp; &nbsp; &nbsp; &nbsp;Anton Bernol&aacute;k &#8211; 250.v&yacute;ro\u010die narodenia. &nbsp; Rkc.k\u0148az, kodifik&aacute;tor spisovnej sloven\u010diny na z&aacute;klade z&aacute;padoslovensk&eacute;ho n&aacute;re\u010dia (&iacute;). Poch&aacute;dzal zo &scaron;\u013eachtickej rodiny zo Slanice. V r. 1787 dokon\u010dil &scaron;t&uacute;diu Dissertatio philologico-critica de &#8230; <a title=\"Anton Bernol\u00e1k- 250.v\u00fdro\u010die narodenia\" class=\"read-more\" href=\"https:\/\/www.e-anjelik.sk\/index.php\/2012\/10\/04\/anton-bernolak-250-vyrocie-narodenia\/\" aria-label=\"Pre\u010d\u00edtajte si viac o Anton Bernol\u00e1k- 250.v\u00fdro\u010die narodenia\">\u010c\u00edta\u0165 viac<\/a><\/p>\n","protected":false},"author":4,"featured_media":0,"comment_status":"open","ping_status":"open","sticky":false,"template":"","format":"standard","meta":{"footnotes":""},"categories":[40],"tags":[],"class_list":["post-4743","post","type-post","status-publish","format-standard","hentry","category-historia"],"_links":{"self":[{"href":"https:\/\/www.e-anjelik.sk\/index.php\/wp-json\/wp\/v2\/posts\/4743","targetHints":{"allow":["GET"]}}],"collection":[{"href":"https:\/\/www.e-anjelik.sk\/index.php\/wp-json\/wp\/v2\/posts"}],"about":[{"href":"https:\/\/www.e-anjelik.sk\/index.php\/wp-json\/wp\/v2\/types\/post"}],"author":[{"embeddable":true,"href":"https:\/\/www.e-anjelik.sk\/index.php\/wp-json\/wp\/v2\/users\/4"}],"replies":[{"embeddable":true,"href":"https:\/\/www.e-anjelik.sk\/index.php\/wp-json\/wp\/v2\/comments?post=4743"}],"version-history":[{"count":0,"href":"https:\/\/www.e-anjelik.sk\/index.php\/wp-json\/wp\/v2\/posts\/4743\/revisions"}],"wp:attachment":[{"href":"https:\/\/www.e-anjelik.sk\/index.php\/wp-json\/wp\/v2\/media?parent=4743"}],"wp:term":[{"taxonomy":"category","embeddable":true,"href":"https:\/\/www.e-anjelik.sk\/index.php\/wp-json\/wp\/v2\/categories?post=4743"},{"taxonomy":"post_tag","embeddable":true,"href":"https:\/\/www.e-anjelik.sk\/index.php\/wp-json\/wp\/v2\/tags?post=4743"}],"curies":[{"name":"wp","href":"https:\/\/api.w.org\/{rel}","templated":true}]}}