{"id":4747,"date":"2012-10-05T08:57:56","date_gmt":"2012-10-05T08:57:56","guid":{"rendered":"http:\/\/e-anjelik.sk\/?p=4747"},"modified":"2012-10-05T08:57:56","modified_gmt":"2012-10-05T08:57:56","slug":"televizie-zacinaju-idiotizovat-spolocnost","status":"publish","type":"post","link":"https:\/\/www.e-anjelik.sk\/index.php\/2012\/10\/05\/televizie-zacinaju-idiotizovat-spolocnost\/","title":{"rendered":"&#8222;Telev\u00edzie za\u010d\u00ednaj\u00fa idiotizova\u0165 spolo\u010dnos\u0165&#8220;"},"content":{"rendered":"<p>&nbsp;<span class=\"Apple-style-span\" style=\"font-family: Helvetica; font-size: 16px; line-height: normal; \"><b>&nbsp; &nbsp; &nbsp; &nbsp; &nbsp; &nbsp; &nbsp; &nbsp; &nbsp; &nbsp; &nbsp; &nbsp; &nbsp; &nbsp; &nbsp; &nbsp; &nbsp; &nbsp; &nbsp; &nbsp; &nbsp; &nbsp; &nbsp; &nbsp; &nbsp; &nbsp; &nbsp;&ldquo;Telev&iacute;zie za\u010d&iacute;naj&uacute; idiotizova\u0165 spolo\u010dnos\u0165&rdquo;<\/b><\/span><\/p>\n<p style=\"margin: 0.0px 0.0px 0.0px 0.0px; font: 16.0px Helvetica; min-height: 19.0px\">&nbsp;<\/p>\n<p style=\"margin: 0.0px 0.0px 0.0px 0.0px; font: 16.0px Helvetica\"><span style=\"letter-spacing: 0.0px\">povedal miniter kultr&uacute;ry <b>Marek Ma\u010fari\u010d<\/b>. Je to kr&aacute;tky, a pomerne v&yacute;sti\u017en&yacute; koment&aacute;r k jeho <b>&ldquo;Otvoren&eacute;mu listu&rdquo;,<\/b> v ktorom \u017eiada &uacute;stavn&yacute;ch \u010dinite\u013eov, predstavite\u013eov klt&uacute;ry, tretieho sektora a <b>aj cirkvi o zaujatie stanoviska <\/b>k &uacute;rovni s&uacute;\u010dasn&yacute;ch telev&iacute;znych programov, ktor&eacute; ozna\u010dil aj za<b> &ldquo;&uacute;tok proti kult&uacute;re&rdquo;.<\/b><\/span><\/p>\n<p style=\"margin: 0.0px 0.0px 0.0px 0.0px; font: 16.0px Helvetica; min-height: 19.0px\">&nbsp;<\/p>\n<p style=\"margin: 0.0px 0.0px 0.0px 0.0px; font: 16.0px Helvetica\"><span style=\"letter-spacing: 0.0px\"><b>&nbsp; &nbsp; &nbsp; <\/b>Na t&uacute;to situ&aacute;ciu promptne zareagoval aj n&aacute;&scaron;<b> Evanjelick&yacute; Posol spod Tatier<\/b> \/ \u010d.40 z 3.okt&oacute;bra.\/ \u010dl&aacute;nkom:&nbsp;<b> Reality &scaron;ou &#8211; il&uacute;zia skuto\u010dnosti?<\/b><\/span><\/p>\n<p style=\"margin: 0.0px 0.0px 0.0px 0.0px; font: 16.0px Helvetica\"><span style=\"letter-spacing: 0.0px\">&nbsp; &nbsp; &nbsp; Ses. Edita &Scaron;kodov&aacute; u\u017e v kr&aacute;tkom &uacute;vodn&iacute;ku vyslovila okrem priamej kritiky &ldquo;stup&iacute;dnych sitkomov,bezduch&yacute;ch sei&aacute;lo \u010di tre\u0165otriednych filmov&rdquo; aj v&yacute;znamn&uacute; <b>v&yacute;zvu<\/b>, ktor&uacute;&nbsp; osobne plne podporujem:&nbsp;<\/span><\/p>\n<p style=\"margin: 0.0px 0.0px 0.0px 0.0px; font: 16.0px Helvetica\"><span style=\"letter-spacing: 0.0px\">&nbsp;&nbsp; &nbsp; <b>&ldquo;Protestujme proti bezduchosti, nekult&uacute;rnosti t&yacute;m, \u017ee &nbsp;tak&uacute;to ponuku budeme jednoducho ignorova\u0165&rdquo;.&nbsp;<\/b><\/span><\/p>\n<p style=\"margin: 0.0px 0.0px 0.0px 0.0px; font: 16.0px Helvetica; min-height: 19.0px\">&nbsp;<\/p>\n<p style=\"margin: 0.0px 0.0px 0.0px 0.0px; font: 16.0px Helvetica\"><span style=\"letter-spacing: 0.0px\"><b>&nbsp; &nbsp; &nbsp; &nbsp; Svojimi postrehmi prispeli do diskusie : br Svetoz&aacute;r Gavora, Pavel Gabri&scaron; , Milo&scaron; Kl&aacute;tik a ses.far&aacute;rka M.Gdovinov&aacute;.<\/b><\/span><\/p>\n<p style=\"margin: 0.0px 0.0px 0.0px 0.0px; font: 16.0px Helvetica\"><span style=\"letter-spacing: 0.0px\"><b>Svetoz&aacute;r Gavora<\/b> uviedol,<b> <\/b>\u017ee &rdquo;zdie\u013ea sv&auml;t&eacute; rozhor\u010denie p&aacute;na ministra&rdquo;, ale kladie i kritick&eacute;<b> ot&aacute;zky:<\/b><\/span><\/p>\n<p style=\"margin: 0.0px 0.0px 0.0px 0.0px; font: 16.0px Helvetica\"><span style=\"letter-spacing: 0.0px\">1. Pre\u010do p.minister odvolal riadite\u013eku RTVS a dosadil za jej riadite\u013ea exmana\u017e&eacute;ra jednej z t&yacute;ch celoplo&scaron;n&yacute;ch s&uacute;kromn&yacute;ch telev&iacute;z&iacute;, ktor&eacute; tak ostro kritizuje?!<\/span><\/p>\n<p style=\"margin: 0.0px 0.0px 0.0px 0.0px; font: 16.0px Helvetica; min-height: 19.0px\"><span style=\"letter-spacing: 0.0px\">&nbsp;&nbsp; &nbsp;<\/span><\/p>\n<p style=\"margin: 0.0px 0.0px 0.0px 0.0px; font: 16.0px Helvetica\"><span style=\"letter-spacing: 0.0px\">2. Pe\u010do ten ist&yacute; minister a vl&aacute;da , ktorej je s&uacute;\u010das\u0165ou m&aacute; diskrimina\u010dn&yacute; postoj pr&aacute;ve vo\u010di cirkevn&yacute;m &scaron;kol&aacute;m \/ i s&uacute;kromn&yacute;m\/ a zni\u017euje v&aacute;hu humanitn&yacute;ch predmetov?&nbsp; &nbsp;<\/span><\/p>\n<p style=\"margin: 0.0px 0.0px 0.0px 0.0px; font: 16.0px Helvetica; min-height: 19.0px\">&nbsp;<\/p>\n<p style=\"margin: 0.0px 0.0px 0.0px 0.0px; font: 16.0px Helvetica\"><span style=\"letter-spacing: 0.0px\"><b>&nbsp; &nbsp; <\/b>V n&aacute;slednej ankete povedali svoje v&yacute;znamn&eacute; postrehy a postoje viacer&iacute; bratia: Milan Jur&iacute;k, prodekan EBF, \u013dubom&iacute;r \u017dila, Michal Zajden, Vladim&iacute;r L&aacute;ska.&nbsp;<\/span><\/p>\n<p style=\"margin: 0.0px 0.0px 0.0px 0.0px; font: 16.0px Helvetica\"><span style=\"letter-spacing: 0.0px\">&nbsp;&nbsp; &nbsp; &nbsp; Prip&aacute;jam sa t&yacute;mto k v&yacute;zve s. &Scaron;kodovej, ale aj k ot&aacute;zkam br. S. Gavoru.&nbsp; K v&yacute;roku samotn&eacute;ho p.ministra m&aacute;m v&scaron;ak tri pozn&aacute;mky:&nbsp;<\/span><\/p>\n<p style=\"margin: 0.0px 0.0px 0.0px 0.0px; font: 16.0px Helvetica; min-height: 19.0px\">&nbsp;<\/p>\n<p style=\"margin: 0.0px 0.0px 0.0px 0.0px; font: 16.0px Helvetica\"><span style=\"letter-spacing: 0.0px\">a\/ Telev&iacute;zie neza\u010d&iacute;naj&uacute; spolo\u010dnos\u0165 idiotizova\u0165, ale to robia u\u017e d&aacute;vno.<\/span><\/p>\n<p style=\"margin: 0.0px 0.0px 0.0px 0.0px; font: 16.0px Helvetica\"><span style=\"letter-spacing: 0.0px\">b\/ viacer&iacute; &uacute;stavn&iacute; \u010dinitelia, ktor&yacute;ch \u017eiada o n&aacute;pravu, nepochybne stoja na za\u010diatku idiotiz&aacute;cie spolo\u010dnosti.&nbsp;<\/span><\/p>\n<p style=\"margin: 0.0px 0.0px 0.0px 0.0px; font: 16.0px Helvetica\"><span style=\"letter-spacing: 0.0px\">c\/ cirkev svoju mravn&uacute; &uacute;lohu nepln&iacute; iba verejn&yacute;mi vyhl&aacute;seniami, ale ka\u017edodennou drobnou pr&aacute;cou a zves\u0165ou Bo\u017eieho slova.<\/span><\/p>\n<p style=\"margin: 0.0px 0.0px 0.0px 0.0px; font: 16.0px Helvetica; min-height: 19.0px\">&nbsp;<\/p>\n<p style=\"margin: 0.0px 0.0px 0.0px 0.0px; font: 16.0px Helvetica\"><span style=\"letter-spacing: 0.0px\">&nbsp; &nbsp; &nbsp; &nbsp; &nbsp; &nbsp; &nbsp; &nbsp; &nbsp; &nbsp; &nbsp; &nbsp; &nbsp; &nbsp; &nbsp; &nbsp; &nbsp; &nbsp; &nbsp; &nbsp; &nbsp; &nbsp; &nbsp; &nbsp; &nbsp; &nbsp; &nbsp; &nbsp; &nbsp; &nbsp; &nbsp; &nbsp; &nbsp; &nbsp; &nbsp; &nbsp; &nbsp; &nbsp; &nbsp; &nbsp; &nbsp; &nbsp; &nbsp; &nbsp; &nbsp; &nbsp; &nbsp; &nbsp; &nbsp; &nbsp; &nbsp; &nbsp; &nbsp; &nbsp; &nbsp; &nbsp; &nbsp; &nbsp; &nbsp; &nbsp; &nbsp; &nbsp; &nbsp; &nbsp; &nbsp; &nbsp; &nbsp; &nbsp; &nbsp; &nbsp; &nbsp; &nbsp; &nbsp; &nbsp; &nbsp; &nbsp; &nbsp; &nbsp; &nbsp;\u013d.Batka st.<\/span><\/p>\n<div><span style=\"letter-spacing: 0.0px\"><br \/>\n<\/span><\/div>\n","protected":false},"excerpt":{"rendered":"<p>&nbsp;&nbsp; &nbsp; &nbsp; &nbsp; &nbsp; &nbsp; &nbsp; &nbsp; &nbsp; &nbsp; &nbsp; &nbsp; &nbsp; &nbsp; &nbsp; &nbsp; &nbsp; &nbsp; &nbsp; &nbsp; &nbsp; &nbsp; &nbsp; &nbsp; &nbsp; &nbsp; &nbsp;&ldquo;Telev&iacute;zie za\u010d&iacute;naj&uacute; idiotizova\u0165 spolo\u010dnos\u0165&rdquo; &nbsp; povedal miniter kultr&uacute;ry Marek Ma\u010fari\u010d. Je to kr&aacute;tky, a pomerne v&yacute;sti\u017en&yacute; koment&aacute;r k jeho &ldquo;Otvoren&eacute;mu listu&rdquo;, v ktorom \u017eiada &uacute;stavn&yacute;ch \u010dinite\u013eov, predstavite\u013eov klt&uacute;ry, tretieho &#8230; <a title=\"&#8222;Telev\u00edzie za\u010d\u00ednaj\u00fa idiotizova\u0165 spolo\u010dnos\u0165&#8220;\" class=\"read-more\" href=\"https:\/\/www.e-anjelik.sk\/index.php\/2012\/10\/05\/televizie-zacinaju-idiotizovat-spolocnost\/\" aria-label=\"Pre\u010d\u00edtajte si viac o &#8222;Telev\u00edzie za\u010d\u00ednaj\u00fa idiotizova\u0165 spolo\u010dnos\u0165&#8220;\">\u010c\u00edta\u0165 viac<\/a><\/p>\n","protected":false},"author":4,"featured_media":0,"comment_status":"open","ping_status":"open","sticky":false,"template":"","format":"standard","meta":{"footnotes":""},"categories":[1],"tags":[288],"class_list":["post-4747","post","type-post","status-publish","format-standard","hentry","category-adventna-modlitba","tag-krestan-a-spolocnost"],"_links":{"self":[{"href":"https:\/\/www.e-anjelik.sk\/index.php\/wp-json\/wp\/v2\/posts\/4747","targetHints":{"allow":["GET"]}}],"collection":[{"href":"https:\/\/www.e-anjelik.sk\/index.php\/wp-json\/wp\/v2\/posts"}],"about":[{"href":"https:\/\/www.e-anjelik.sk\/index.php\/wp-json\/wp\/v2\/types\/post"}],"author":[{"embeddable":true,"href":"https:\/\/www.e-anjelik.sk\/index.php\/wp-json\/wp\/v2\/users\/4"}],"replies":[{"embeddable":true,"href":"https:\/\/www.e-anjelik.sk\/index.php\/wp-json\/wp\/v2\/comments?post=4747"}],"version-history":[{"count":0,"href":"https:\/\/www.e-anjelik.sk\/index.php\/wp-json\/wp\/v2\/posts\/4747\/revisions"}],"wp:attachment":[{"href":"https:\/\/www.e-anjelik.sk\/index.php\/wp-json\/wp\/v2\/media?parent=4747"}],"wp:term":[{"taxonomy":"category","embeddable":true,"href":"https:\/\/www.e-anjelik.sk\/index.php\/wp-json\/wp\/v2\/categories?post=4747"},{"taxonomy":"post_tag","embeddable":true,"href":"https:\/\/www.e-anjelik.sk\/index.php\/wp-json\/wp\/v2\/tags?post=4747"}],"curies":[{"name":"wp","href":"https:\/\/api.w.org\/{rel}","templated":true}]}}