{"id":4758,"date":"2012-10-09T09:25:53","date_gmt":"2012-10-09T09:25:53","guid":{"rendered":"http:\/\/e-anjelik.sk\/?p=4758"},"modified":"2012-10-09T09:25:53","modified_gmt":"2012-10-09T09:25:53","slug":"preco-sa-peer-steinbruck-opat-vratil-do-ev-cirkvi","status":"publish","type":"post","link":"https:\/\/www.e-anjelik.sk\/index.php\/2012\/10\/09\/preco-sa-peer-steinbruck-opat-vratil-do-ev-cirkvi\/","title":{"rendered":"Pre\u010do sa Peer Steinbr\u00fcck op\u00e4\u0165 vr\u00e1til do ev. cirkvi?"},"content":{"rendered":"<p>&Uacute;radne Soci&aacute;lna strana Nemecka (SPD) nominovala za kandid&aacute;ta na &uacute;rad kancel&aacute;ra Nemecka Peera Steinbr&uuml;cka.&nbsp;V telev&iacute;zii ARD moder&aacute;tora G&uuml;nthera Jaucha odpovedal aj na ot&aacute;zku , pre\u010do sa op&auml;\u0165 vr&aacute;til do evanjelickej cirkvi, z ktorej bol predt&yacute;m vyst&uacute;pil ako 18-ro\u010dn&yacute;. Odpovedal, \u017ee vtedy videl cirkev ako tak&uacute; ,ktor&aacute; ,vraj, stoj&iacute; na strane mocn&yacute;ch a br&aacute;ni osvete. Po asi 40 rokoch revidoval svoj krok po rozhovore s ist&yacute;m vysok&yacute;m z&aacute;stupcom cirkvi. Teraz vid&iacute;, \u017ee ev. cirkev je stabilizuj&uacute;cim prvkom v spolo\u010dnosti. Na ot&aacute;zku redaktora, \u010di by pri pr&iacute;padnej kancel&aacute;rskej&nbsp;pr&iacute;sahe mohol poveda\u0165 aj vetu: &quot;Tak mi P&aacute;n Boh pom&aacute;haj!&quot; , odpovedal:- &aacute;no. Kandid&aacute;t m&aacute; v s&uacute;\u010dasnosti 65 rokov.<\/p>\n<p>(<a href=\"http:\/\/www.idea.de\">www.idea.de<\/a>)<\/p>\n","protected":false},"excerpt":{"rendered":"<p>&Uacute;radne Soci&aacute;lna strana Nemecka (SPD) nominovala za kandid&aacute;ta na &uacute;rad kancel&aacute;ra Nemecka Peera Steinbr&uuml;cka.&nbsp;V telev&iacute;zii ARD moder&aacute;tora G&uuml;nthera Jaucha odpovedal aj na ot&aacute;zku , pre\u010do sa op&auml;\u0165 vr&aacute;til do evanjelickej cirkvi, z ktorej bol predt&yacute;m vyst&uacute;pil ako 18-ro\u010dn&yacute;. Odpovedal, \u017ee vtedy videl cirkev ako tak&uacute; ,ktor&aacute; ,vraj, stoj&iacute; na strane mocn&yacute;ch a br&aacute;ni osvete. Po &#8230; <a title=\"Pre\u010do sa Peer Steinbr\u00fcck op\u00e4\u0165 vr\u00e1til do ev. cirkvi?\" class=\"read-more\" href=\"https:\/\/www.e-anjelik.sk\/index.php\/2012\/10\/09\/preco-sa-peer-steinbruck-opat-vratil-do-ev-cirkvi\/\" aria-label=\"Pre\u010d\u00edtajte si viac o Pre\u010do sa Peer Steinbr\u00fcck op\u00e4\u0165 vr\u00e1til do ev. cirkvi?\">\u010c\u00edta\u0165 viac<\/a><\/p>\n","protected":false},"author":22,"featured_media":0,"comment_status":"open","ping_status":"open","sticky":false,"template":"","format":"standard","meta":{"footnotes":""},"categories":[1,14],"tags":[],"class_list":["post-4758","post","type-post","status-publish","format-standard","hentry","category-adventna-modlitba","category-osobnosti"],"_links":{"self":[{"href":"https:\/\/www.e-anjelik.sk\/index.php\/wp-json\/wp\/v2\/posts\/4758","targetHints":{"allow":["GET"]}}],"collection":[{"href":"https:\/\/www.e-anjelik.sk\/index.php\/wp-json\/wp\/v2\/posts"}],"about":[{"href":"https:\/\/www.e-anjelik.sk\/index.php\/wp-json\/wp\/v2\/types\/post"}],"author":[{"embeddable":true,"href":"https:\/\/www.e-anjelik.sk\/index.php\/wp-json\/wp\/v2\/users\/22"}],"replies":[{"embeddable":true,"href":"https:\/\/www.e-anjelik.sk\/index.php\/wp-json\/wp\/v2\/comments?post=4758"}],"version-history":[{"count":0,"href":"https:\/\/www.e-anjelik.sk\/index.php\/wp-json\/wp\/v2\/posts\/4758\/revisions"}],"wp:attachment":[{"href":"https:\/\/www.e-anjelik.sk\/index.php\/wp-json\/wp\/v2\/media?parent=4758"}],"wp:term":[{"taxonomy":"category","embeddable":true,"href":"https:\/\/www.e-anjelik.sk\/index.php\/wp-json\/wp\/v2\/categories?post=4758"},{"taxonomy":"post_tag","embeddable":true,"href":"https:\/\/www.e-anjelik.sk\/index.php\/wp-json\/wp\/v2\/tags?post=4758"}],"curies":[{"name":"wp","href":"https:\/\/api.w.org\/{rel}","templated":true}]}}