{"id":4764,"date":"2012-10-12T10:34:39","date_gmt":"2012-10-12T10:34:39","guid":{"rendered":"http:\/\/e-anjelik.sk\/?p=4764"},"modified":"2012-10-12T10:34:39","modified_gmt":"2012-10-12T10:34:39","slug":"tretia-lut-biskupka-v-dansku","status":"publish","type":"post","link":"https:\/\/www.e-anjelik.sk\/index.php\/2012\/10\/12\/tretia-lut-biskupka-v-dansku\/","title":{"rendered":"Tretia lut. biskupka v D\u00e1nsku"},"content":{"rendered":"<p>9. okt&oacute;bra 2012 sa v diec&eacute;ze Fyn konalo druh&eacute; kolo volieb biskupa. V&iacute;\u0165azom sa stala 54-ro\u010dn&aacute; far&aacute;rka Valentine Lindhardt, man\u017eelka b&yacute;val&eacute;ho biskupa. Lindhardt bola predt&yacute;m zborovou far&aacute;rkou v chr&aacute;me Pokoja v Odense. Pracovala aj ako gen. tajomn&iacute;\u010dka Biblickej spolo\u010dnosti. Z&iacute;skala 927 hlasov (64%), k&yacute;m jej protikandid&aacute;t -syn predch&aacute;dzaj&uacute;ceho biskupa , far&aacute;r Vincent Lind z&iacute;skal 466 hlasov (32%). Na vo\u013eb&aacute;ch sa z&uacute;\u010dastnilo 1564&nbsp; opr&aacute;vnen&yacute;ch voli\u010dov ,\u010do je 91,5% . Vysviacka za biskupku bude 4. novembra t.r. v katedr&aacute;le v Odense. Takto m&aacute; \u013dudov&aacute; lut. cirkev v D&aacute;nsku u\u017e tretiu \u017eenu biskupku.<\/p>\n<p>(<a href=\"http:\/\/www.interchurch.dk\">www.interchurch.dk<\/a>)<\/p>\n","protected":false},"excerpt":{"rendered":"<p>9. okt&oacute;bra 2012 sa v diec&eacute;ze Fyn konalo druh&eacute; kolo volieb biskupa. V&iacute;\u0165azom sa stala 54-ro\u010dn&aacute; far&aacute;rka Valentine Lindhardt, man\u017eelka b&yacute;val&eacute;ho biskupa. Lindhardt bola predt&yacute;m zborovou far&aacute;rkou v chr&aacute;me Pokoja v Odense. Pracovala aj ako gen. tajomn&iacute;\u010dka Biblickej spolo\u010dnosti. Z&iacute;skala 927 hlasov (64%), k&yacute;m jej protikandid&aacute;t -syn predch&aacute;dzaj&uacute;ceho biskupa , far&aacute;r Vincent Lind z&iacute;skal 466 &#8230; <a title=\"Tretia lut. biskupka v D\u00e1nsku\" class=\"read-more\" href=\"https:\/\/www.e-anjelik.sk\/index.php\/2012\/10\/12\/tretia-lut-biskupka-v-dansku\/\" aria-label=\"Pre\u010d\u00edtajte si viac o Tretia lut. biskupka v D\u00e1nsku\">\u010c\u00edta\u0165 viac<\/a><\/p>\n","protected":false},"author":22,"featured_media":0,"comment_status":"open","ping_status":"open","sticky":false,"template":"","format":"standard","meta":{"footnotes":""},"categories":[9],"tags":[],"class_list":["post-4764","post","type-post","status-publish","format-standard","hentry","category-europa"],"_links":{"self":[{"href":"https:\/\/www.e-anjelik.sk\/index.php\/wp-json\/wp\/v2\/posts\/4764","targetHints":{"allow":["GET"]}}],"collection":[{"href":"https:\/\/www.e-anjelik.sk\/index.php\/wp-json\/wp\/v2\/posts"}],"about":[{"href":"https:\/\/www.e-anjelik.sk\/index.php\/wp-json\/wp\/v2\/types\/post"}],"author":[{"embeddable":true,"href":"https:\/\/www.e-anjelik.sk\/index.php\/wp-json\/wp\/v2\/users\/22"}],"replies":[{"embeddable":true,"href":"https:\/\/www.e-anjelik.sk\/index.php\/wp-json\/wp\/v2\/comments?post=4764"}],"version-history":[{"count":0,"href":"https:\/\/www.e-anjelik.sk\/index.php\/wp-json\/wp\/v2\/posts\/4764\/revisions"}],"wp:attachment":[{"href":"https:\/\/www.e-anjelik.sk\/index.php\/wp-json\/wp\/v2\/media?parent=4764"}],"wp:term":[{"taxonomy":"category","embeddable":true,"href":"https:\/\/www.e-anjelik.sk\/index.php\/wp-json\/wp\/v2\/categories?post=4764"},{"taxonomy":"post_tag","embeddable":true,"href":"https:\/\/www.e-anjelik.sk\/index.php\/wp-json\/wp\/v2\/tags?post=4764"}],"curies":[{"name":"wp","href":"https:\/\/api.w.org\/{rel}","templated":true}]}}