{"id":4771,"date":"2012-10-16T06:58:12","date_gmt":"2012-10-16T06:58:12","guid":{"rendered":"http:\/\/e-anjelik.sk\/?p=4771"},"modified":"2012-10-16T06:58:12","modified_gmt":"2012-10-16T06:58:12","slug":"prvy-kongres-zborov-v-halle-nemecko","status":"publish","type":"post","link":"https:\/\/www.e-anjelik.sk\/index.php\/2012\/10\/16\/prvy-kongres-zborov-v-halle-nemecko\/","title":{"rendered":"Prv\u00fd kongres zborov v Halle, Nemecko"},"content":{"rendered":"<p>13. okt&oacute;bra 2012 sa v H&auml;ndelovej hale v meste Halle zi&scaron;lo do 900 z&aacute;stupcov cirkevn&yacute;ch zborov z Evanjelickej krajinskej cirkvi Stredn&eacute;ho Nemecka na svojom prvom zborovom kongrese. Niesol sa pod n&aacute;zvom:&nbsp;&quot;Nechaj r&aacute;s\u0165&quot;. Cie\u013eom kongresu bola v&yacute;mena sk&uacute;senost&iacute; a&nbsp;prehliadka doteraj&scaron;ej pr&aacute;ce. K tomu posl&uacute;\u017eili predn&aacute;&scaron;ky , tvoriv&eacute; dielne, v&yacute;stavy, koncerty a bohoslu\u017eby.Osobitn&eacute; miesto tu mali deti a dorastenci.&nbsp;T&aacute;to cirkev m&aacute; vy&scaron;e 3200 cirkevn&yacute;ch zborov .Cirkev bola vytvoren&aacute; r. 2009 f&uacute;ziou Dur&iacute;nskej krajinskej cirkvi a Cirkevnej provincie Sasko, ako aj niektor&yacute;ch zborov z Brandeburska a Sasko-Anhaltska.<\/p>\n<p>(<a href=\"http:\/\/www.ekmd.de\">www.ekmd.de<\/a>)<\/p>\n<p>&nbsp;<\/p>\n","protected":false},"excerpt":{"rendered":"<p>13. okt&oacute;bra 2012 sa v H&auml;ndelovej hale v meste Halle zi&scaron;lo do 900 z&aacute;stupcov cirkevn&yacute;ch zborov z Evanjelickej krajinskej cirkvi Stredn&eacute;ho Nemecka na svojom prvom zborovom kongrese. Niesol sa pod n&aacute;zvom:&nbsp;&quot;Nechaj r&aacute;s\u0165&quot;. Cie\u013eom kongresu bola v&yacute;mena sk&uacute;senost&iacute; a&nbsp;prehliadka doteraj&scaron;ej pr&aacute;ce. K tomu posl&uacute;\u017eili predn&aacute;&scaron;ky , tvoriv&eacute; dielne, v&yacute;stavy, koncerty a bohoslu\u017eby.Osobitn&eacute; miesto tu mali deti &#8230; <a title=\"Prv\u00fd kongres zborov v Halle, Nemecko\" class=\"read-more\" href=\"https:\/\/www.e-anjelik.sk\/index.php\/2012\/10\/16\/prvy-kongres-zborov-v-halle-nemecko\/\" aria-label=\"Pre\u010d\u00edtajte si viac o Prv\u00fd kongres zborov v Halle, Nemecko\">\u010c\u00edta\u0165 viac<\/a><\/p>\n","protected":false},"author":22,"featured_media":0,"comment_status":"open","ping_status":"open","sticky":false,"template":"","format":"standard","meta":{"footnotes":""},"categories":[1],"tags":[234],"class_list":["post-4771","post","type-post","status-publish","format-standard","hentry","category-adventna-modlitba","tag-zdruzenia-a-skupiny"],"_links":{"self":[{"href":"https:\/\/www.e-anjelik.sk\/index.php\/wp-json\/wp\/v2\/posts\/4771","targetHints":{"allow":["GET"]}}],"collection":[{"href":"https:\/\/www.e-anjelik.sk\/index.php\/wp-json\/wp\/v2\/posts"}],"about":[{"href":"https:\/\/www.e-anjelik.sk\/index.php\/wp-json\/wp\/v2\/types\/post"}],"author":[{"embeddable":true,"href":"https:\/\/www.e-anjelik.sk\/index.php\/wp-json\/wp\/v2\/users\/22"}],"replies":[{"embeddable":true,"href":"https:\/\/www.e-anjelik.sk\/index.php\/wp-json\/wp\/v2\/comments?post=4771"}],"version-history":[{"count":0,"href":"https:\/\/www.e-anjelik.sk\/index.php\/wp-json\/wp\/v2\/posts\/4771\/revisions"}],"wp:attachment":[{"href":"https:\/\/www.e-anjelik.sk\/index.php\/wp-json\/wp\/v2\/media?parent=4771"}],"wp:term":[{"taxonomy":"category","embeddable":true,"href":"https:\/\/www.e-anjelik.sk\/index.php\/wp-json\/wp\/v2\/categories?post=4771"},{"taxonomy":"post_tag","embeddable":true,"href":"https:\/\/www.e-anjelik.sk\/index.php\/wp-json\/wp\/v2\/tags?post=4771"}],"curies":[{"name":"wp","href":"https:\/\/api.w.org\/{rel}","templated":true}]}}