{"id":4772,"date":"2012-10-16T07:23:46","date_gmt":"2012-10-16T07:23:46","guid":{"rendered":"http:\/\/e-anjelik.sk\/?p=4772"},"modified":"2012-10-16T07:23:46","modified_gmt":"2012-10-16T07:23:46","slug":"hudba-je-zvestou-ktora-sa-dotyka-priamo-srdca","status":"publish","type":"post","link":"https:\/\/www.e-anjelik.sk\/index.php\/2012\/10\/16\/hudba-je-zvestou-ktora-sa-dotyka-priamo-srdca\/","title":{"rendered":"Hudba je zves\u0165ou, ktor\u00e1 sa dot\u00fdka priamo srdca"},"content":{"rendered":"<p>Na sl&aacute;vnostn&yacute;ch slu\u017eb&aacute;ch v nede\u013eu 14. okt. t.r. v evanjelickom kostole Krista P&aacute;na v R&iacute;me to o.i. povedal ved&uacute;ci biskup Spojenej ev. lut. cirkvi Nemecka (VELKD) ,ktor&yacute; bol a.h. kazate\u013eom na Kirchentagu Evanjelicko-luter&aacute;nskej cirkvi Talianska (ELKI). Po\u010das troch dn&iacute; cirkev predstavila v informa\u010dn&yacute;ch st&aacute;nkoch svoju \u010dinnos\u0165 v cirkevn&yacute;ch zboroch. V programe boli aj predn&aacute;&scaron;ky, tvoriv&eacute; dielne a noc hudby v tomto chr&aacute;me. Cel&eacute; podujatie sa nieslo v znamen&iacute; pr&iacute;prav na oslavy jubilea reform&aacute;cie, tento rok v znamen&iacute; hudby. ELKI m&aacute; do 7 tis&iacute;c \u010dlenov a je v tesnom spojen&iacute; s VELKD.<\/p>\n<p>(<a href=\"http:\/\/www.nordkirche.de\">www.nordkirche.de<\/a>)<\/p>\n","protected":false},"excerpt":{"rendered":"<p>Na sl&aacute;vnostn&yacute;ch slu\u017eb&aacute;ch v nede\u013eu 14. okt. t.r. v evanjelickom kostole Krista P&aacute;na v R&iacute;me to o.i. povedal ved&uacute;ci biskup Spojenej ev. lut. cirkvi Nemecka (VELKD) ,ktor&yacute; bol a.h. kazate\u013eom na Kirchentagu Evanjelicko-luter&aacute;nskej cirkvi Talianska (ELKI). Po\u010das troch dn&iacute; cirkev predstavila v informa\u010dn&yacute;ch st&aacute;nkoch svoju \u010dinnos\u0165 v cirkevn&yacute;ch zboroch. V programe boli aj predn&aacute;&scaron;ky, tvoriv&eacute; &#8230; <a title=\"Hudba je zves\u0165ou, ktor\u00e1 sa dot\u00fdka priamo srdca\" class=\"read-more\" href=\"https:\/\/www.e-anjelik.sk\/index.php\/2012\/10\/16\/hudba-je-zvestou-ktora-sa-dotyka-priamo-srdca\/\" aria-label=\"Pre\u010d\u00edtajte si viac o Hudba je zves\u0165ou, ktor\u00e1 sa dot\u00fdka priamo srdca\">\u010c\u00edta\u0165 viac<\/a><\/p>\n","protected":false},"author":22,"featured_media":0,"comment_status":"open","ping_status":"open","sticky":false,"template":"","format":"standard","meta":{"footnotes":""},"categories":[1],"tags":[242],"class_list":["post-4772","post","type-post","status-publish","format-standard","hentry","category-adventna-modlitba","tag-slavnosti"],"_links":{"self":[{"href":"https:\/\/www.e-anjelik.sk\/index.php\/wp-json\/wp\/v2\/posts\/4772","targetHints":{"allow":["GET"]}}],"collection":[{"href":"https:\/\/www.e-anjelik.sk\/index.php\/wp-json\/wp\/v2\/posts"}],"about":[{"href":"https:\/\/www.e-anjelik.sk\/index.php\/wp-json\/wp\/v2\/types\/post"}],"author":[{"embeddable":true,"href":"https:\/\/www.e-anjelik.sk\/index.php\/wp-json\/wp\/v2\/users\/22"}],"replies":[{"embeddable":true,"href":"https:\/\/www.e-anjelik.sk\/index.php\/wp-json\/wp\/v2\/comments?post=4772"}],"version-history":[{"count":0,"href":"https:\/\/www.e-anjelik.sk\/index.php\/wp-json\/wp\/v2\/posts\/4772\/revisions"}],"wp:attachment":[{"href":"https:\/\/www.e-anjelik.sk\/index.php\/wp-json\/wp\/v2\/media?parent=4772"}],"wp:term":[{"taxonomy":"category","embeddable":true,"href":"https:\/\/www.e-anjelik.sk\/index.php\/wp-json\/wp\/v2\/categories?post=4772"},{"taxonomy":"post_tag","embeddable":true,"href":"https:\/\/www.e-anjelik.sk\/index.php\/wp-json\/wp\/v2\/tags?post=4772"}],"curies":[{"name":"wp","href":"https:\/\/api.w.org\/{rel}","templated":true}]}}