{"id":4774,"date":"2012-10-16T07:52:24","date_gmt":"2012-10-16T07:52:24","guid":{"rendered":"http:\/\/e-anjelik.sk\/?p=4774"},"modified":"2012-10-16T07:52:24","modified_gmt":"2012-10-16T07:52:24","slug":"den-wurttemberskych-duchovnych","status":"publish","type":"post","link":"https:\/\/www.e-anjelik.sk\/index.php\/2012\/10\/16\/den-wurttemberskych-duchovnych\/","title":{"rendered":"De\u0148 w\u00fcrttembersk\u00fdch duchovn\u00fdch"},"content":{"rendered":"<p>15. okt. 2012 sa v Bad Mergetheim konal De\u0148 w&uuml;rttembersk&yacute;ch far&aacute;rov a far&aacute;riek. Organizoval ho Spolok far&aacute;rov, v ktorom je \u010dlenom asi 95% z takmer 4000 duchovn&yacute;ch tejto cirkvi. Hlavn&yacute;m predn&aacute;&scaron;aj&uacute;cim bol Dr. Manfred L&uuml;tz, psychiater a psychoterapeut, autor nieko\u013ek&yacute;ch bestsellerov. T&eacute;ma jeho predn&aacute;&scaron;ky znela:&quot;Hlavn&aacute; vec zdravie! Zdravie ako n&aacute;bo\u017eenstvo?&quot; Aj v Nemecku, ako u n&aacute;s, je zdravie z&aacute;stupn&yacute;m n&aacute;bo\u017eenstvom.<\/p>\n<p>Popoludn&iacute; si mohli pr&iacute;tomn&iacute; pozrie\u0165 viacero kult&uacute;rnych programov v meste a jeho okol&iacute; a t&eacute;mu prediskutova\u0165 s autorom. N&aacute;sledne boli slu\u017eby Bo\u017eie, na ktor&yacute;ch k&aacute;zal krajinsk&yacute; biskup O. July na slov&aacute; proroka Jeremi&aacute;&scaron;a &quot;Uzdrav ma, Hospodine, budem zdrav&yacute;; pom&ocirc;\u017e mi, a tak mi bude spom&ocirc;\u017een&eacute;.&quot; Ve\u010der sa niesol v znamen&iacute; tradi\u010dn&eacute;ho sl&aacute;vnostn&eacute;ho stretnutia. Pr&iacute;tomn&yacute;ch bolo do 500 duchovn&yacute;ch.<\/p>\n<p>(<a href=\"http:\/\/www.elk-wue.de\">www.elk-wue.de<\/a>)<\/p>\n","protected":false},"excerpt":{"rendered":"<p>15. okt. 2012 sa v Bad Mergetheim konal De\u0148 w&uuml;rttembersk&yacute;ch far&aacute;rov a far&aacute;riek. Organizoval ho Spolok far&aacute;rov, v ktorom je \u010dlenom asi 95% z takmer 4000 duchovn&yacute;ch tejto cirkvi. Hlavn&yacute;m predn&aacute;&scaron;aj&uacute;cim bol Dr. Manfred L&uuml;tz, psychiater a psychoterapeut, autor nieko\u013ek&yacute;ch bestsellerov. T&eacute;ma jeho predn&aacute;&scaron;ky znela:&quot;Hlavn&aacute; vec zdravie! Zdravie ako n&aacute;bo\u017eenstvo?&quot; Aj v Nemecku, ako u &#8230; <a title=\"De\u0148 w\u00fcrttembersk\u00fdch duchovn\u00fdch\" class=\"read-more\" href=\"https:\/\/www.e-anjelik.sk\/index.php\/2012\/10\/16\/den-wurttemberskych-duchovnych\/\" aria-label=\"Pre\u010d\u00edtajte si viac o De\u0148 w\u00fcrttembersk\u00fdch duchovn\u00fdch\">\u010c\u00edta\u0165 viac<\/a><\/p>\n","protected":false},"author":22,"featured_media":0,"comment_status":"open","ping_status":"open","sticky":false,"template":"","format":"standard","meta":{"footnotes":""},"categories":[1],"tags":[234],"class_list":["post-4774","post","type-post","status-publish","format-standard","hentry","category-adventna-modlitba","tag-zdruzenia-a-skupiny"],"_links":{"self":[{"href":"https:\/\/www.e-anjelik.sk\/index.php\/wp-json\/wp\/v2\/posts\/4774","targetHints":{"allow":["GET"]}}],"collection":[{"href":"https:\/\/www.e-anjelik.sk\/index.php\/wp-json\/wp\/v2\/posts"}],"about":[{"href":"https:\/\/www.e-anjelik.sk\/index.php\/wp-json\/wp\/v2\/types\/post"}],"author":[{"embeddable":true,"href":"https:\/\/www.e-anjelik.sk\/index.php\/wp-json\/wp\/v2\/users\/22"}],"replies":[{"embeddable":true,"href":"https:\/\/www.e-anjelik.sk\/index.php\/wp-json\/wp\/v2\/comments?post=4774"}],"version-history":[{"count":0,"href":"https:\/\/www.e-anjelik.sk\/index.php\/wp-json\/wp\/v2\/posts\/4774\/revisions"}],"wp:attachment":[{"href":"https:\/\/www.e-anjelik.sk\/index.php\/wp-json\/wp\/v2\/media?parent=4774"}],"wp:term":[{"taxonomy":"category","embeddable":true,"href":"https:\/\/www.e-anjelik.sk\/index.php\/wp-json\/wp\/v2\/categories?post=4774"},{"taxonomy":"post_tag","embeddable":true,"href":"https:\/\/www.e-anjelik.sk\/index.php\/wp-json\/wp\/v2\/tags?post=4774"}],"curies":[{"name":"wp","href":"https:\/\/api.w.org\/{rel}","templated":true}]}}