{"id":4775,"date":"2012-10-16T08:16:45","date_gmt":"2012-10-16T08:16:45","guid":{"rendered":"http:\/\/e-anjelik.sk\/?p=4775"},"modified":"2012-10-16T08:16:45","modified_gmt":"2012-10-16T08:16:45","slug":"pomoc-a-solidarita-nem-evanjelikov-pracovnikom-cirkvi-vo-vychodnej-europe","status":"publish","type":"post","link":"https:\/\/www.e-anjelik.sk\/index.php\/2012\/10\/16\/pomoc-a-solidarita-nem-evanjelikov-pracovnikom-cirkvi-vo-vychodnej-europe\/","title":{"rendered":"Pomoc a solidarita nem. evanjelikov pracovn\u00edkom cirkv\u00ed vo V\u00fdchodnej Eur\u00f3pe"},"content":{"rendered":"<p>Aj v na&scaron;ej cirkvi s&uacute; v&scaron;eobecne zn&aacute;me pojmy pomoci a solidarity nem. evanjelikov pre men&scaron;inov&eacute; cirkvi v krajin&aacute;ch V&yacute;chodnej a ju\u017enej Eur&oacute;py. S&uacute; to Evangelische partnerhilfe a Hoffnung fuer Europa. Do tejto pomoci sa zap&aacute;ja aj Ev. lut. cirkev Saska a jej duchovn&iacute; cez ich Poklad\u0148u solidarity Spolku far&aacute;rov. Preto\u017ee v \u010dase NDR aj oni prj&iacute;mali tak&uacute;to pomoc Z&aacute;padu, vedia to teraz oceni\u0165, a s&uacute; preto v obetovan&iacute; na \u010dele Nemecka. Vlani takto vyzbierali 355.174,60 Eur, predvlani 340.731,67 Eur. V celom Nemecku t&aacute;to zbierka v r. 2011 vyniesla takmer 2 mili&oacute;ny Eur.<\/p>\n<p>Z pr&iacute;le\u017eitosti 20. jubilea zalo\u017eenia Evanjelickej partnerskej pomoci bud&uacute; sa 22. a 23. okt. 2012 &nbsp;vo Viedni kona\u0165 oslavy v\u010fakyvzdania za &uacute;\u010dasti partnersk&yacute;ch cirkv&iacute; Slovinska, Po\u013eska, \u010ceska, Slovenska a Ma\u010farska. Na bohoslu\u017ebe bude re\u010dni\u0165 biskup dom&aacute;cej cirkvi M. Buenker.<\/p>\n<p>(<a href=\"http:\/\/www.evlks.de\">www.evlks.de<\/a>)<\/p>\n","protected":false},"excerpt":{"rendered":"<p>Aj v na&scaron;ej cirkvi s&uacute; v&scaron;eobecne zn&aacute;me pojmy pomoci a solidarity nem. evanjelikov pre men&scaron;inov&eacute; cirkvi v krajin&aacute;ch V&yacute;chodnej a ju\u017enej Eur&oacute;py. S&uacute; to Evangelische partnerhilfe a Hoffnung fuer Europa. Do tejto pomoci sa zap&aacute;ja aj Ev. lut. cirkev Saska a jej duchovn&iacute; cez ich Poklad\u0148u solidarity Spolku far&aacute;rov. Preto\u017ee v \u010dase NDR aj oni &#8230; <a title=\"Pomoc a solidarita nem. evanjelikov pracovn\u00edkom cirkv\u00ed vo V\u00fdchodnej Eur\u00f3pe\" class=\"read-more\" href=\"https:\/\/www.e-anjelik.sk\/index.php\/2012\/10\/16\/pomoc-a-solidarita-nem-evanjelikov-pracovnikom-cirkvi-vo-vychodnej-europe\/\" aria-label=\"Pre\u010d\u00edtajte si viac o Pomoc a solidarita nem. evanjelikov pracovn\u00edkom cirkv\u00ed vo V\u00fdchodnej Eur\u00f3pe\">\u010c\u00edta\u0165 viac<\/a><\/p>\n","protected":false},"author":22,"featured_media":0,"comment_status":"open","ping_status":"open","sticky":false,"template":"","format":"standard","meta":{"footnotes":""},"categories":[1],"tags":[234],"class_list":["post-4775","post","type-post","status-publish","format-standard","hentry","category-adventna-modlitba","tag-zdruzenia-a-skupiny"],"_links":{"self":[{"href":"https:\/\/www.e-anjelik.sk\/index.php\/wp-json\/wp\/v2\/posts\/4775","targetHints":{"allow":["GET"]}}],"collection":[{"href":"https:\/\/www.e-anjelik.sk\/index.php\/wp-json\/wp\/v2\/posts"}],"about":[{"href":"https:\/\/www.e-anjelik.sk\/index.php\/wp-json\/wp\/v2\/types\/post"}],"author":[{"embeddable":true,"href":"https:\/\/www.e-anjelik.sk\/index.php\/wp-json\/wp\/v2\/users\/22"}],"replies":[{"embeddable":true,"href":"https:\/\/www.e-anjelik.sk\/index.php\/wp-json\/wp\/v2\/comments?post=4775"}],"version-history":[{"count":0,"href":"https:\/\/www.e-anjelik.sk\/index.php\/wp-json\/wp\/v2\/posts\/4775\/revisions"}],"wp:attachment":[{"href":"https:\/\/www.e-anjelik.sk\/index.php\/wp-json\/wp\/v2\/media?parent=4775"}],"wp:term":[{"taxonomy":"category","embeddable":true,"href":"https:\/\/www.e-anjelik.sk\/index.php\/wp-json\/wp\/v2\/categories?post=4775"},{"taxonomy":"post_tag","embeddable":true,"href":"https:\/\/www.e-anjelik.sk\/index.php\/wp-json\/wp\/v2\/tags?post=4775"}],"curies":[{"name":"wp","href":"https:\/\/api.w.org\/{rel}","templated":true}]}}