{"id":4779,"date":"2012-10-17T08:30:13","date_gmt":"2012-10-17T08:30:13","guid":{"rendered":"http:\/\/e-anjelik.sk\/?p=4779"},"modified":"2012-10-17T08:30:13","modified_gmt":"2012-10-17T08:30:13","slug":"konvent-misijnej-provincie-svedsko","status":"publish","type":"post","link":"https:\/\/www.e-anjelik.sk\/index.php\/2012\/10\/17\/konvent-misijnej-provincie-svedsko\/","title":{"rendered":"Konvent Misijnej provincie ,\u0160v\u00e9dsko"},"content":{"rendered":"<p>V sobotu 13. okt&oacute;bra 2012 sa v G&ouml;teborgu konal v&yacute;ro\u010dn&yacute; konvent Misijnej provincie. Na programe bola v&yacute;ro\u010dn&aacute; spr&aacute;va biskupa provincie, schv&aacute;lenie rozpo\u010dtu, vo\u013eby misijnej rady -predsedn&iacute;ctva a slu\u017eby Bo\u017eie s ordin&aacute;ciou troch mlad&yacute;ch mu\u017eov za k\u0148azov. Misijn&aacute; provincia je samostatn&aacute; cirkevn&aacute; jednotka v r&aacute;mci &Scaron;v&eacute;dska a F&iacute;nska, ktorej z&aacute;kladom je P&iacute;smo a trad&iacute;cia a vyzn&aacute;va\u010dsk&eacute; spisy lut. cirkvi. Odmieta ordin&aacute;ciu \u017eien a liber&aacute;lne uznesenia &Scaron;v&eacute;dskej cirkvi, napr. vo veciach homosexualizmu.<\/p>\n<p>(<a href=\"http:\/\/www.missionsprovinsen.se\">www.missionsprovinsen.se<\/a>)<\/p>\n","protected":false},"excerpt":{"rendered":"<p>V sobotu 13. okt&oacute;bra 2012 sa v G&ouml;teborgu konal v&yacute;ro\u010dn&yacute; konvent Misijnej provincie. Na programe bola v&yacute;ro\u010dn&aacute; spr&aacute;va biskupa provincie, schv&aacute;lenie rozpo\u010dtu, vo\u013eby misijnej rady -predsedn&iacute;ctva a slu\u017eby Bo\u017eie s ordin&aacute;ciou troch mlad&yacute;ch mu\u017eov za k\u0148azov. Misijn&aacute; provincia je samostatn&aacute; cirkevn&aacute; jednotka v r&aacute;mci &Scaron;v&eacute;dska a F&iacute;nska, ktorej z&aacute;kladom je P&iacute;smo a trad&iacute;cia a vyzn&aacute;va\u010dsk&eacute; &#8230; <a title=\"Konvent Misijnej provincie ,\u0160v\u00e9dsko\" class=\"read-more\" href=\"https:\/\/www.e-anjelik.sk\/index.php\/2012\/10\/17\/konvent-misijnej-provincie-svedsko\/\" aria-label=\"Pre\u010d\u00edtajte si viac o Konvent Misijnej provincie ,\u0160v\u00e9dsko\">\u010c\u00edta\u0165 viac<\/a><\/p>\n","protected":false},"author":22,"featured_media":0,"comment_status":"open","ping_status":"open","sticky":false,"template":"","format":"standard","meta":{"footnotes":""},"categories":[1],"tags":[234],"class_list":["post-4779","post","type-post","status-publish","format-standard","hentry","category-adventna-modlitba","tag-zdruzenia-a-skupiny"],"_links":{"self":[{"href":"https:\/\/www.e-anjelik.sk\/index.php\/wp-json\/wp\/v2\/posts\/4779","targetHints":{"allow":["GET"]}}],"collection":[{"href":"https:\/\/www.e-anjelik.sk\/index.php\/wp-json\/wp\/v2\/posts"}],"about":[{"href":"https:\/\/www.e-anjelik.sk\/index.php\/wp-json\/wp\/v2\/types\/post"}],"author":[{"embeddable":true,"href":"https:\/\/www.e-anjelik.sk\/index.php\/wp-json\/wp\/v2\/users\/22"}],"replies":[{"embeddable":true,"href":"https:\/\/www.e-anjelik.sk\/index.php\/wp-json\/wp\/v2\/comments?post=4779"}],"version-history":[{"count":0,"href":"https:\/\/www.e-anjelik.sk\/index.php\/wp-json\/wp\/v2\/posts\/4779\/revisions"}],"wp:attachment":[{"href":"https:\/\/www.e-anjelik.sk\/index.php\/wp-json\/wp\/v2\/media?parent=4779"}],"wp:term":[{"taxonomy":"category","embeddable":true,"href":"https:\/\/www.e-anjelik.sk\/index.php\/wp-json\/wp\/v2\/categories?post=4779"},{"taxonomy":"post_tag","embeddable":true,"href":"https:\/\/www.e-anjelik.sk\/index.php\/wp-json\/wp\/v2\/tags?post=4779"}],"curies":[{"name":"wp","href":"https:\/\/api.w.org\/{rel}","templated":true}]}}