{"id":4782,"date":"2012-10-18T12:46:15","date_gmt":"2012-10-18T12:46:15","guid":{"rendered":"http:\/\/e-anjelik.sk\/?p=4782"},"modified":"2012-10-18T12:46:15","modified_gmt":"2012-10-18T12:46:15","slug":"thdr-jan-michalko-storocnica-narodenia","status":"publish","type":"post","link":"https:\/\/www.e-anjelik.sk\/index.php\/2012\/10\/18\/thdr-jan-michalko-storocnica-narodenia\/","title":{"rendered":"ThDr.J\u00e1n Michalko- storo\u010dnica narodenia"},"content":{"rendered":"<p>&nbsp;<span class=\"Apple-style-span\" style=\"font-family: Helvetica; font-size: 16px; line-height: normal; \"><b>&nbsp; &nbsp; &nbsp; &nbsp; &nbsp; &nbsp; &nbsp; &nbsp; &nbsp; &nbsp; &nbsp; &nbsp; &nbsp; &nbsp; &nbsp; &nbsp; &nbsp; &nbsp; &nbsp; &nbsp; &nbsp; &nbsp; &nbsp;ThDr. J&aacute;n Michalko &#8211; storo\u010dnica narodenia<\/b><\/span><\/p>\n<p style=\"margin: 0.0px 0.0px 0.0px 0.0px; font: 16.0px Helvetica; min-height: 19.0px\">&nbsp;<\/p>\n<p style=\"margin: 0.0px 0.0px 0.0px 0.0px; font: 16.0px Helvetica\"><span style=\"letter-spacing: 0.0px\"><b>&nbsp;&nbsp; <\/b>16.10.1912&nbsp; sa narodil vo Va\u017eci J&aacute;n Michalko, niekdaj&scaron;&iacute; gen.biskup ECAV. Doktor&aacute;t teol&oacute;gie z&iacute;skal v r.1946. P&ocirc;sobil ako far&aacute;r v Spi&scaron;skej Novej Vsi, v Grinave &#8211; Mysleniciach, v Limbachu, v Ra\u010di a 12 rokov v Bratislave. Od r. 1950 bol docent na EBF, nesk&ocirc;r profesor systematickej teol&oacute;gie a dekan EBF. Redigoval Cirkevn&eacute; Listy a Slu\u017ebu slova, do ktor&yacute;ch pravidelne prispieval. Bol spoluzakladate\u013e KMK a spolutvorca tzv. Teol&oacute;gie tv&aacute;rou k \u017eivotu. Pre t&uacute;to a in&uacute; \u010dinnos\u0165 bol po r.1989&nbsp; kritizovan&yacute; a vyzvan&yacute;, aby odst&uacute;pil z fukcii&iacute; v ECAV. Bol autorom kompendia Dogmatika a mnohc&yacute;h \u010dl&aacute;nkov. V Tranosciu vy&scaron;li s jeho prispen&iacute;m Mal&aacute; Dogmatika, V&yacute;ber z Lutherov&yacute;ch spisov a in&eacute;. V ECAV zost&aacute;va osobnos\u0165ou, ktor&aacute; vyvolala a vyvol&aacute;va kontroverzn&eacute; hodnotenia.&nbsp;<\/span><\/p>\n<p style=\"margin: 0.0px 0.0px 0.0px 0.0px; font: 16.0px Helvetica\"><span style=\"letter-spacing: 0.0px\">&nbsp; &nbsp; &nbsp; &nbsp; Redaktor Slovensk&eacute;ho rozhlasu Pave G&aacute;bri&scaron; na&scaron;iel sp&ocirc;sob pripomen&uacute;\u0165 si storo\u010dnicu narodenia ThDr.J.Michalku v rel&aacute;cii Cesty, ke\u010f hne\u010f v &uacute;vode pripomenul, \u017ee &ldquo;hodnoti\u0165 osobnosti je zlo\u017eit&eacute;&rdquo;. Pribl&iacute;\u017eil najm&auml; jeho rodin&yacute; \u017eivot a slu\u017ebu zborov&eacute;ho far&aacute;ra v zboroch, v ktor&yacute;ch p&ocirc;sobil. V pominul&uacute; nede\u013eu \/ 14.10\/ sa v bratislavskom Ve\u013ekom chr&aacute;me konali oslavy, kde oslavn&yacute;mi re\u010dami prispeli Jeho niekdaj&scaron;&iacute; bl&iacute;zki spolupracovn&iacute;ci: J.Midriak, emer.biskup VD a emer.biskup Brndiar z USA.&nbsp;<\/span><\/p>\n<p style=\"margin: 0.0px 0.0px 0.0px 0.0px; font: 16.0px Helvetica\"><span style=\"letter-spacing: 0.0px\">&nbsp; &nbsp; &nbsp; ThDr.J&aacute;n Michalko zomrel 10.12.1990 a je pochovan&yacute; v Sl&aacute;vi\u010dom &uacute;dol&iacute; v Bratislave. \/ \u013dB st.\/<\/span><\/p>\n<p style=\"margin: 0.0px 0.0px 0.0px 0.0px; font: 16.0px Helvetica; min-height: 19.0px\"><span style=\"letter-spacing: 0.0px\">&nbsp; &nbsp; &nbsp; &nbsp; &nbsp; &nbsp; &nbsp; &nbsp; &nbsp; &nbsp;<\/span><\/p>\n","protected":false},"excerpt":{"rendered":"<p>&nbsp;&nbsp; &nbsp; &nbsp; &nbsp; &nbsp; &nbsp; &nbsp; &nbsp; &nbsp; &nbsp; &nbsp; &nbsp; &nbsp; &nbsp; &nbsp; &nbsp; &nbsp; &nbsp; &nbsp; &nbsp; &nbsp; &nbsp; &nbsp;ThDr. J&aacute;n Michalko &#8211; storo\u010dnica narodenia &nbsp; &nbsp;&nbsp; 16.10.1912&nbsp; sa narodil vo Va\u017eci J&aacute;n Michalko, niekdaj&scaron;&iacute; gen.biskup ECAV. Doktor&aacute;t teol&oacute;gie z&iacute;skal v r.1946. P&ocirc;sobil ako far&aacute;r v Spi&scaron;skej Novej Vsi, v Grinave &#8211; &#8230; <a title=\"ThDr.J\u00e1n Michalko- storo\u010dnica narodenia\" class=\"read-more\" href=\"https:\/\/www.e-anjelik.sk\/index.php\/2012\/10\/18\/thdr-jan-michalko-storocnica-narodenia\/\" aria-label=\"Pre\u010d\u00edtajte si viac o ThDr.J\u00e1n Michalko- storo\u010dnica narodenia\">\u010c\u00edta\u0165 viac<\/a><\/p>\n","protected":false},"author":4,"featured_media":0,"comment_status":"open","ping_status":"open","sticky":false,"template":"","format":"standard","meta":{"footnotes":""},"categories":[1],"tags":[],"class_list":["post-4782","post","type-post","status-publish","format-standard","hentry","category-adventna-modlitba"],"_links":{"self":[{"href":"https:\/\/www.e-anjelik.sk\/index.php\/wp-json\/wp\/v2\/posts\/4782","targetHints":{"allow":["GET"]}}],"collection":[{"href":"https:\/\/www.e-anjelik.sk\/index.php\/wp-json\/wp\/v2\/posts"}],"about":[{"href":"https:\/\/www.e-anjelik.sk\/index.php\/wp-json\/wp\/v2\/types\/post"}],"author":[{"embeddable":true,"href":"https:\/\/www.e-anjelik.sk\/index.php\/wp-json\/wp\/v2\/users\/4"}],"replies":[{"embeddable":true,"href":"https:\/\/www.e-anjelik.sk\/index.php\/wp-json\/wp\/v2\/comments?post=4782"}],"version-history":[{"count":0,"href":"https:\/\/www.e-anjelik.sk\/index.php\/wp-json\/wp\/v2\/posts\/4782\/revisions"}],"wp:attachment":[{"href":"https:\/\/www.e-anjelik.sk\/index.php\/wp-json\/wp\/v2\/media?parent=4782"}],"wp:term":[{"taxonomy":"category","embeddable":true,"href":"https:\/\/www.e-anjelik.sk\/index.php\/wp-json\/wp\/v2\/categories?post=4782"},{"taxonomy":"post_tag","embeddable":true,"href":"https:\/\/www.e-anjelik.sk\/index.php\/wp-json\/wp\/v2\/tags?post=4782"}],"curies":[{"name":"wp","href":"https:\/\/api.w.org\/{rel}","templated":true}]}}