{"id":4793,"date":"2012-10-22T16:46:57","date_gmt":"2012-10-22T16:46:57","guid":{"rendered":"http:\/\/e-anjelik.sk\/?p=4793"},"modified":"2012-10-22T16:46:57","modified_gmt":"2012-10-22T16:46:57","slug":"22-oktober","status":"publish","type":"post","link":"https:\/\/www.e-anjelik.sk\/index.php\/2012\/10\/22\/22-oktober\/","title":{"rendered":"22. OKT\u00d3BER"},"content":{"rendered":"<p>                                                                                   22. OKT\u00d3BER<\/p>\n<p>Hospodin riekol Moj\u017ei\u0161ovi: \u010co vol\u00e1\u0161 ku mne?<\/p>\n<p>                                                                                                                                                            2 Moj\u017ei\u0161ova 14, 15<\/p>\n<p>     Ach, niekto si kres\u0165ana nev\u00e1\u017ei ani to\u013eko ako Turka, pohana alebo neverca. On je predsa vz\u00e1cny pred Bohom a jeho modlitba priam v\u0161emocn\u00e1; lebo je posv\u00e4ten\u00fd Kristovu krvou a pomazan\u00fd Duchom Bo\u017e\u00edm. A \u010do \u00faprimne pros\u00ed, zvl\u00e1\u0161\u0165 nev\u00fdslovn\u00fdmi vzdychmi svojho srdca, to je neodbytn\u00e9 volanie Bo\u017e\u00edm u\u0161iam; On to po\u010duje, ako nazna\u010duje Moj\u017ei\u0161ovi:  \u010co vol\u00e1\u0161 ku mne?<br \/>\n     Nu\u017e veru Moj\u017ei\u0161 sa nezdr\u017eal len pri \u0161epkan\u00ed v starostiach a b\u00e1zni v tej najv\u00e4\u010d\u0161ej n\u00fadzi. Podobn\u00fd vzdych jeho srdca roz\u010desol \u010cerven\u00e9 more, \u010das\u0165 vysu\u0161il, tak\u017ee Izraelci mohli prejs\u0165, potopil fara\u00f3na so v\u0161etkou jeho mocou. To a e\u0161te mnoh\u00e9 in\u00e9 v\u00e4\u010d\u0161ie veci kon\u00e1 a dok\u00e1\u017ee \u00faprimn\u00fd duchovn\u00fd vzdych (modlitba).<\/p>\n<p>                                                     Martin Luther: Smerovn\u00edk kres\u0165anskej cirkvi<\/p>\n","protected":false},"excerpt":{"rendered":"<p>22. OKT\u00d3BER Hospodin riekol Moj\u017ei\u0161ovi: \u010co vol\u00e1\u0161 ku mne? 2 Moj\u017ei\u0161ova 14, 15 Ach, niekto si kres\u0165ana nev\u00e1\u017ei ani to\u013eko ako Turka, pohana alebo neverca. On je predsa vz\u00e1cny pred Bohom a jeho modlitba priam v\u0161emocn\u00e1; lebo je posv\u00e4ten\u00fd Kristovu krvou a pomazan\u00fd Duchom Bo\u017e\u00edm. A \u010do \u00faprimne pros\u00ed, zvl\u00e1\u0161\u0165 nev\u00fdslovn\u00fdmi vzdychmi svojho srdca, to &#8230; <a title=\"22. OKT\u00d3BER\" class=\"read-more\" href=\"https:\/\/www.e-anjelik.sk\/index.php\/2012\/10\/22\/22-oktober\/\" aria-label=\"Pre\u010d\u00edtajte si viac o 22. OKT\u00d3BER\">\u010c\u00edta\u0165 viac<\/a><\/p>\n","protected":false},"author":4,"featured_media":0,"comment_status":"open","ping_status":"open","sticky":false,"template":"","format":"standard","meta":{"footnotes":""},"categories":[1],"tags":[],"class_list":["post-4793","post","type-post","status-publish","format-standard","hentry","category-adventna-modlitba"],"_links":{"self":[{"href":"https:\/\/www.e-anjelik.sk\/index.php\/wp-json\/wp\/v2\/posts\/4793","targetHints":{"allow":["GET"]}}],"collection":[{"href":"https:\/\/www.e-anjelik.sk\/index.php\/wp-json\/wp\/v2\/posts"}],"about":[{"href":"https:\/\/www.e-anjelik.sk\/index.php\/wp-json\/wp\/v2\/types\/post"}],"author":[{"embeddable":true,"href":"https:\/\/www.e-anjelik.sk\/index.php\/wp-json\/wp\/v2\/users\/4"}],"replies":[{"embeddable":true,"href":"https:\/\/www.e-anjelik.sk\/index.php\/wp-json\/wp\/v2\/comments?post=4793"}],"version-history":[{"count":0,"href":"https:\/\/www.e-anjelik.sk\/index.php\/wp-json\/wp\/v2\/posts\/4793\/revisions"}],"wp:attachment":[{"href":"https:\/\/www.e-anjelik.sk\/index.php\/wp-json\/wp\/v2\/media?parent=4793"}],"wp:term":[{"taxonomy":"category","embeddable":true,"href":"https:\/\/www.e-anjelik.sk\/index.php\/wp-json\/wp\/v2\/categories?post=4793"},{"taxonomy":"post_tag","embeddable":true,"href":"https:\/\/www.e-anjelik.sk\/index.php\/wp-json\/wp\/v2\/tags?post=4793"}],"curies":[{"name":"wp","href":"https:\/\/api.w.org\/{rel}","templated":true}]}}