{"id":4795,"date":"2012-10-23T15:18:49","date_gmt":"2012-10-23T15:18:49","guid":{"rendered":"http:\/\/e-anjelik.sk\/?p=4795"},"modified":"2012-10-23T15:18:49","modified_gmt":"2012-10-23T15:18:49","slug":"23-oktober","status":"publish","type":"post","link":"https:\/\/www.e-anjelik.sk\/index.php\/2012\/10\/23\/23-oktober\/","title":{"rendered":"23. OKT\u00d3BER"},"content":{"rendered":"<p>                                                                       23. OKT\u00d3BER<\/p>\n<p>A pokoj Bo\u017e\u00ed, ktor\u00fd prevy\u0161uje ka\u017ed\u00fd rozum, bude h\u00e1ji\u0165 va\u0161e srdcia a va\u0161e mysle v Kristovi Je\u017ei\u0161ovi.<\/p>\n<p>                                                                                                                                                                   Filipsk\u00fdm 4, 7<\/p>\n<p>     Pokoj Bo\u017e\u00ed sa nem\u00e1 ch\u00e1pa\u0165 ako pokoj, ktor\u00fd m\u00e1 Boh pre seba a je n\u00edm naplnen\u00fd, ale ako ten, ktor\u00fd n\u00e1m d\u00e1va do srdca, aby sme mali pokoj s Bohom, neklesaj\u00fac v z\u00e1rmutku, net\u00fa\u017eiac po pokoji, ktor\u00fd pon\u00faka (d\u00e1va) rozum, najm\u00e4 ukon\u010den\u00edm zla. Le\u017e s\u00fac pevn\u00ed a o\u010dak\u00e1vaj\u00fac vn\u00fatorn\u00fa silu vo viere, nep\u00fdtaj\u00fac sa na to, \u010di zloba potrv\u00e1 kr\u00e1tko, dlho, alebo ve\u010dne, netr\u00e1piac sa a neum\u00e1raj\u00fac sa my\u0161lienkami na skonanie, veriac, \u017ee predsa len Boh vl\u00e1dne.<br \/>\n      Ajh\u013ea to znamen\u00e1 pokoj kr\u00ed\u017ea, pokoj Bo\u017e\u00ed, ktor\u00fd sp\u00f4sobuje, \u017ee \u010dlovek aj vn\u00fatorne m\u00e1 pokoj, je zmieren\u00fd s ka\u017ed\u00fdm a nikoho neznepokojuje. Je to dielo Bo\u017eie, zn\u00e1me jedine t\u00fdm, ktor\u00ed to u\u017e sk\u00fasili.<\/p>\n<p>                                                            Martin Luther: Smerovn\u00edk kres\u0165anskej cesty<\/p>\n","protected":false},"excerpt":{"rendered":"<p>23. OKT\u00d3BER A pokoj Bo\u017e\u00ed, ktor\u00fd prevy\u0161uje ka\u017ed\u00fd rozum, bude h\u00e1ji\u0165 va\u0161e srdcia a va\u0161e mysle v Kristovi Je\u017ei\u0161ovi. Filipsk\u00fdm 4, 7 Pokoj Bo\u017e\u00ed sa nem\u00e1 ch\u00e1pa\u0165 ako pokoj, ktor\u00fd m\u00e1 Boh pre seba a je n\u00edm naplnen\u00fd, ale ako ten, ktor\u00fd n\u00e1m d\u00e1va do srdca, aby sme mali pokoj s Bohom, neklesaj\u00fac v z\u00e1rmutku, &#8230; <a title=\"23. OKT\u00d3BER\" class=\"read-more\" href=\"https:\/\/www.e-anjelik.sk\/index.php\/2012\/10\/23\/23-oktober\/\" aria-label=\"Pre\u010d\u00edtajte si viac o 23. OKT\u00d3BER\">\u010c\u00edta\u0165 viac<\/a><\/p>\n","protected":false},"author":4,"featured_media":0,"comment_status":"open","ping_status":"open","sticky":false,"template":"","format":"standard","meta":{"footnotes":""},"categories":[1],"tags":[],"class_list":["post-4795","post","type-post","status-publish","format-standard","hentry","category-adventna-modlitba"],"_links":{"self":[{"href":"https:\/\/www.e-anjelik.sk\/index.php\/wp-json\/wp\/v2\/posts\/4795","targetHints":{"allow":["GET"]}}],"collection":[{"href":"https:\/\/www.e-anjelik.sk\/index.php\/wp-json\/wp\/v2\/posts"}],"about":[{"href":"https:\/\/www.e-anjelik.sk\/index.php\/wp-json\/wp\/v2\/types\/post"}],"author":[{"embeddable":true,"href":"https:\/\/www.e-anjelik.sk\/index.php\/wp-json\/wp\/v2\/users\/4"}],"replies":[{"embeddable":true,"href":"https:\/\/www.e-anjelik.sk\/index.php\/wp-json\/wp\/v2\/comments?post=4795"}],"version-history":[{"count":0,"href":"https:\/\/www.e-anjelik.sk\/index.php\/wp-json\/wp\/v2\/posts\/4795\/revisions"}],"wp:attachment":[{"href":"https:\/\/www.e-anjelik.sk\/index.php\/wp-json\/wp\/v2\/media?parent=4795"}],"wp:term":[{"taxonomy":"category","embeddable":true,"href":"https:\/\/www.e-anjelik.sk\/index.php\/wp-json\/wp\/v2\/categories?post=4795"},{"taxonomy":"post_tag","embeddable":true,"href":"https:\/\/www.e-anjelik.sk\/index.php\/wp-json\/wp\/v2\/tags?post=4795"}],"curies":[{"name":"wp","href":"https:\/\/api.w.org\/{rel}","templated":true}]}}