{"id":4798,"date":"2012-10-24T09:41:31","date_gmt":"2012-10-24T09:41:31","guid":{"rendered":"http:\/\/e-anjelik.sk\/?p=4798"},"modified":"2012-10-24T09:41:31","modified_gmt":"2012-10-24T09:41:31","slug":"200-rokov-nemeckej-biblickej-spolocnosti-dbg","status":"publish","type":"post","link":"https:\/\/www.e-anjelik.sk\/index.php\/2012\/10\/24\/200-rokov-nemeckej-biblickej-spolocnosti-dbg\/","title":{"rendered":"200 rokov Nemeckej biblickej spolo\u010dnosti (DBG)"},"content":{"rendered":"<p>V nede\u013eu 28. okt. 2012 bud\u00fa sa v \u0160tuttgarte, v Stiftskirche kona\u0165 sl\u00e1vnostn\u00e9 slu\u017eby Bo\u017eie z pr\u00edle\u017eitosti 200. v\u00fdro\u010dia zalo\u017eenia Nemeckej biblickej spolo\u010dnost (DBG). Mottom bohoslu\u017eieb je &#8222;Pre\u010do Biblia?&#8220;. U\u017e v de\u0148 za\u010datia osl\u00e1v jubilea 11. septembra odhalili na Marktplatz pam\u00e4tn\u00fa tabu\u013eu. Vydaj\u00fa pam\u00e4tn\u00e9 spisy a pam\u00e4tn\u00fa zn\u00e1mku, bud\u00fa sa kona\u0165 v\u00fdstavy a predn\u00e1\u0161ky. Na SB bude k\u00e1za\u0165 em. krajinsk\u00fd bavorsk\u00fd biskup, predseda DBG , far\u00e1r Johannes Friedrich. Oslavy jubilea skon\u010dia koncom decembra t.r.<br \/>\n(www.elk-wue.de)<\/p>\n","protected":false},"excerpt":{"rendered":"<p>V nede\u013eu 28. okt. 2012 bud\u00fa sa v \u0160tuttgarte, v Stiftskirche kona\u0165 sl\u00e1vnostn\u00e9 slu\u017eby Bo\u017eie z pr\u00edle\u017eitosti 200. v\u00fdro\u010dia zalo\u017eenia Nemeckej biblickej spolo\u010dnost (DBG). Mottom bohoslu\u017eieb je &#8222;Pre\u010do Biblia?&#8220;. U\u017e v de\u0148 za\u010datia osl\u00e1v jubilea 11. septembra odhalili na Marktplatz pam\u00e4tn\u00fa tabu\u013eu. Vydaj\u00fa pam\u00e4tn\u00e9 spisy a pam\u00e4tn\u00fa zn\u00e1mku, bud\u00fa sa kona\u0165 v\u00fdstavy a predn\u00e1\u0161ky. Na &#8230; <a title=\"200 rokov Nemeckej biblickej spolo\u010dnosti (DBG)\" class=\"read-more\" href=\"https:\/\/www.e-anjelik.sk\/index.php\/2012\/10\/24\/200-rokov-nemeckej-biblickej-spolocnosti-dbg\/\" aria-label=\"Pre\u010d\u00edtajte si viac o 200 rokov Nemeckej biblickej spolo\u010dnosti (DBG)\">\u010c\u00edta\u0165 viac<\/a><\/p>\n","protected":false},"author":22,"featured_media":0,"comment_status":"open","ping_status":"open","sticky":false,"template":"","format":"standard","meta":{"footnotes":""},"categories":[1],"tags":[234],"class_list":["post-4798","post","type-post","status-publish","format-standard","hentry","category-adventna-modlitba","tag-zdruzenia-a-skupiny"],"_links":{"self":[{"href":"https:\/\/www.e-anjelik.sk\/index.php\/wp-json\/wp\/v2\/posts\/4798","targetHints":{"allow":["GET"]}}],"collection":[{"href":"https:\/\/www.e-anjelik.sk\/index.php\/wp-json\/wp\/v2\/posts"}],"about":[{"href":"https:\/\/www.e-anjelik.sk\/index.php\/wp-json\/wp\/v2\/types\/post"}],"author":[{"embeddable":true,"href":"https:\/\/www.e-anjelik.sk\/index.php\/wp-json\/wp\/v2\/users\/22"}],"replies":[{"embeddable":true,"href":"https:\/\/www.e-anjelik.sk\/index.php\/wp-json\/wp\/v2\/comments?post=4798"}],"version-history":[{"count":0,"href":"https:\/\/www.e-anjelik.sk\/index.php\/wp-json\/wp\/v2\/posts\/4798\/revisions"}],"wp:attachment":[{"href":"https:\/\/www.e-anjelik.sk\/index.php\/wp-json\/wp\/v2\/media?parent=4798"}],"wp:term":[{"taxonomy":"category","embeddable":true,"href":"https:\/\/www.e-anjelik.sk\/index.php\/wp-json\/wp\/v2\/categories?post=4798"},{"taxonomy":"post_tag","embeddable":true,"href":"https:\/\/www.e-anjelik.sk\/index.php\/wp-json\/wp\/v2\/tags?post=4798"}],"curies":[{"name":"wp","href":"https:\/\/api.w.org\/{rel}","templated":true}]}}