{"id":4799,"date":"2012-10-24T10:25:04","date_gmt":"2012-10-24T10:25:04","guid":{"rendered":"http:\/\/e-anjelik.sk\/?p=4799"},"modified":"2012-10-24T10:25:04","modified_gmt":"2012-10-24T10:25:04","slug":"konferencia-v-eelk","status":"publish","type":"post","link":"https:\/\/www.e-anjelik.sk\/index.php\/2012\/10\/24\/konferencia-v-eelk\/","title":{"rendered":"Konferencia v EELK"},"content":{"rendered":"<p>Od 19. do 21. okt\u00f3bra 2012 sa v k\u00fape\u013enom meste Nelij\u00e4rve, Est\u00f3nsko, konala piata konferencia rady predsedn\u00edctiev cirkevn\u00fdch zborov Est\u00f3nskej evanjelicko-luter\u00e1nskej cirkvi (EELK). Na konferencii sa z\u00fa\u010dastnili ordinovan\u00ed, neordinovan\u00ed aj vedenie cirkvi. T\u00e9mou konferencie bol duchovn\u00fd rast zborov. Prerokovali probl\u00e9my mal\u00fdch i ve\u013ek\u00fdch, mestsk\u00fdch i vidieckych zborov. Venovali sa z\u00e1kladn\u00fdm \u00faloh\u00e1m v zbore: diakonii, pr\u00e1ci s de\u0165mi a ml\u00e1de\u017eou a \u00falohe hudby. Na programe boli predn\u00e1\u0161ky, semin\u00e1re a modlitebn\u00e9 st\u00ed\u0161enia. Neobi\u0161li ani s\u00fa\u010dasn\u00e9 ekonomick\u00e9 a finan\u010dn\u00e9 probl\u00e9my, s ktor\u00fdmi zbory z\u00e1pasia. EELK m\u00e1 v s\u00fa\u010dasnosti 166 cirkevn\u00fdch zborov.<br \/>\n(www.eelk.ee)<\/p>\n","protected":false},"excerpt":{"rendered":"<p>Od 19. do 21. okt\u00f3bra 2012 sa v k\u00fape\u013enom meste Nelij\u00e4rve, Est\u00f3nsko, konala piata konferencia rady predsedn\u00edctiev cirkevn\u00fdch zborov Est\u00f3nskej evanjelicko-luter\u00e1nskej cirkvi (EELK). Na konferencii sa z\u00fa\u010dastnili ordinovan\u00ed, neordinovan\u00ed aj vedenie cirkvi. T\u00e9mou konferencie bol duchovn\u00fd rast zborov. Prerokovali probl\u00e9my mal\u00fdch i ve\u013ek\u00fdch, mestsk\u00fdch i vidieckych zborov. Venovali sa z\u00e1kladn\u00fdm \u00faloh\u00e1m v zbore: diakonii, pr\u00e1ci &#8230; <a title=\"Konferencia v EELK\" class=\"read-more\" href=\"https:\/\/www.e-anjelik.sk\/index.php\/2012\/10\/24\/konferencia-v-eelk\/\" aria-label=\"Pre\u010d\u00edtajte si viac o Konferencia v EELK\">\u010c\u00edta\u0165 viac<\/a><\/p>\n","protected":false},"author":22,"featured_media":0,"comment_status":"open","ping_status":"open","sticky":false,"template":"","format":"standard","meta":{"footnotes":""},"categories":[1],"tags":[234],"class_list":["post-4799","post","type-post","status-publish","format-standard","hentry","category-adventna-modlitba","tag-zdruzenia-a-skupiny"],"_links":{"self":[{"href":"https:\/\/www.e-anjelik.sk\/index.php\/wp-json\/wp\/v2\/posts\/4799","targetHints":{"allow":["GET"]}}],"collection":[{"href":"https:\/\/www.e-anjelik.sk\/index.php\/wp-json\/wp\/v2\/posts"}],"about":[{"href":"https:\/\/www.e-anjelik.sk\/index.php\/wp-json\/wp\/v2\/types\/post"}],"author":[{"embeddable":true,"href":"https:\/\/www.e-anjelik.sk\/index.php\/wp-json\/wp\/v2\/users\/22"}],"replies":[{"embeddable":true,"href":"https:\/\/www.e-anjelik.sk\/index.php\/wp-json\/wp\/v2\/comments?post=4799"}],"version-history":[{"count":0,"href":"https:\/\/www.e-anjelik.sk\/index.php\/wp-json\/wp\/v2\/posts\/4799\/revisions"}],"wp:attachment":[{"href":"https:\/\/www.e-anjelik.sk\/index.php\/wp-json\/wp\/v2\/media?parent=4799"}],"wp:term":[{"taxonomy":"category","embeddable":true,"href":"https:\/\/www.e-anjelik.sk\/index.php\/wp-json\/wp\/v2\/categories?post=4799"},{"taxonomy":"post_tag","embeddable":true,"href":"https:\/\/www.e-anjelik.sk\/index.php\/wp-json\/wp\/v2\/tags?post=4799"}],"curies":[{"name":"wp","href":"https:\/\/api.w.org\/{rel}","templated":true}]}}