{"id":4808,"date":"2012-10-29T09:29:49","date_gmt":"2012-10-29T09:29:49","guid":{"rendered":"http:\/\/e-anjelik.sk\/?p=4808"},"modified":"2012-10-29T09:29:49","modified_gmt":"2012-10-29T09:29:49","slug":"evanjelicke-sb-k-pamiatke-reformacie-2012-v-televiziach","status":"publish","type":"post","link":"https:\/\/www.e-anjelik.sk\/index.php\/2012\/10\/29\/evanjelicke-sb-k-pamiatke-reformacie-2012-v-televiziach\/","title":{"rendered":"Evanjelick\u00e9 SB k Pamiatke reform\u00e1cie 2012 v telev\u00edzi\u00e1ch"},"content":{"rendered":"<p>Upozor\u0148ujeme V\u00e1s, \u017ee d\u0148a 31. okt\u00f3bra 2012 na Pamiatku reform\u00e1cie bud\u00fa sa vysiela\u0165 v niektor\u00fdch telev\u00edzi\u00e1ch evanjelick\u00e9 slu\u017eby Bo\u017eie. S\u00fa to najm\u00e4:<br \/>\nSTV2 &#8211; Dvojka o 17.00 hodine z cz M\u00e1linec.<br \/>\nTVP 2 &#8211; o 17.00 hod. z ev. kostola v Ustronu,Po\u013esko<br \/>\nTV Slovenija 1  &#8211; o 10.00 hodine z ev. kostola v Lublani, Slovinsko<br \/>\nARD &#8211;  o 10.00 hodine z ev. kostola sv. Tom\u00e1\u0161a v Lipsku. Ide o sl\u00e1vnostn\u00e9 SB 800.  v\u00fdro\u010dia zalo\u017eenia chr\u00e1mu a chlap\u010densk\u00e9ho zboru &#8211; Thomanerchor, ktor\u00fd bude tam vystupova\u0165. K\u00e1\u017ee na Gal 5,1-6 predseda EKD ,pr\u00e9zes N. Schneider.<br \/>\nPo\u017eehnan\u00e9 chv\u00edle pri sledovan\u00ed aj cez online vysielanie t\u00fdchto stan\u00edc.<\/p>\n","protected":false},"excerpt":{"rendered":"<p>Upozor\u0148ujeme V\u00e1s, \u017ee d\u0148a 31. okt\u00f3bra 2012 na Pamiatku reform\u00e1cie bud\u00fa sa vysiela\u0165 v niektor\u00fdch telev\u00edzi\u00e1ch evanjelick\u00e9 slu\u017eby Bo\u017eie. S\u00fa to najm\u00e4: STV2 &#8211; Dvojka o 17.00 hodine z cz M\u00e1linec. TVP 2 &#8211; o 17.00 hod. z ev. kostola v Ustronu,Po\u013esko TV Slovenija 1 &#8211; o 10.00 hodine z ev. kostola v Lublani, Slovinsko &#8230; <a title=\"Evanjelick\u00e9 SB k Pamiatke reform\u00e1cie 2012 v telev\u00edzi\u00e1ch\" class=\"read-more\" href=\"https:\/\/www.e-anjelik.sk\/index.php\/2012\/10\/29\/evanjelicke-sb-k-pamiatke-reformacie-2012-v-televiziach\/\" aria-label=\"Pre\u010d\u00edtajte si viac o Evanjelick\u00e9 SB k Pamiatke reform\u00e1cie 2012 v telev\u00edzi\u00e1ch\">\u010c\u00edta\u0165 viac<\/a><\/p>\n","protected":false},"author":22,"featured_media":0,"comment_status":"open","ping_status":"open","sticky":false,"template":"","format":"standard","meta":{"footnotes":""},"categories":[1],"tags":[249,242],"class_list":["post-4808","post","type-post","status-publish","format-standard","hentry","category-adventna-modlitba","tag-bohosluzby","tag-slavnosti"],"_links":{"self":[{"href":"https:\/\/www.e-anjelik.sk\/index.php\/wp-json\/wp\/v2\/posts\/4808","targetHints":{"allow":["GET"]}}],"collection":[{"href":"https:\/\/www.e-anjelik.sk\/index.php\/wp-json\/wp\/v2\/posts"}],"about":[{"href":"https:\/\/www.e-anjelik.sk\/index.php\/wp-json\/wp\/v2\/types\/post"}],"author":[{"embeddable":true,"href":"https:\/\/www.e-anjelik.sk\/index.php\/wp-json\/wp\/v2\/users\/22"}],"replies":[{"embeddable":true,"href":"https:\/\/www.e-anjelik.sk\/index.php\/wp-json\/wp\/v2\/comments?post=4808"}],"version-history":[{"count":0,"href":"https:\/\/www.e-anjelik.sk\/index.php\/wp-json\/wp\/v2\/posts\/4808\/revisions"}],"wp:attachment":[{"href":"https:\/\/www.e-anjelik.sk\/index.php\/wp-json\/wp\/v2\/media?parent=4808"}],"wp:term":[{"taxonomy":"category","embeddable":true,"href":"https:\/\/www.e-anjelik.sk\/index.php\/wp-json\/wp\/v2\/categories?post=4808"},{"taxonomy":"post_tag","embeddable":true,"href":"https:\/\/www.e-anjelik.sk\/index.php\/wp-json\/wp\/v2\/tags?post=4808"}],"curies":[{"name":"wp","href":"https:\/\/api.w.org\/{rel}","templated":true}]}}