{"id":4809,"date":"2012-10-29T09:52:47","date_gmt":"2012-10-29T09:52:47","guid":{"rendered":"http:\/\/e-anjelik.sk\/?p=4809"},"modified":"2012-10-29T09:52:47","modified_gmt":"2012-10-29T09:52:47","slug":"skoncila-sa-synoda-ev-ac-v-polsku","status":"publish","type":"post","link":"https:\/\/www.e-anjelik.sk\/index.php\/2012\/10\/29\/skoncila-sa-synoda-ev-ac-v-polsku\/","title":{"rendered":"Skon\u010dila sa synoda EV AC v Po\u013esku"},"content":{"rendered":"<p>V 21. nede\u013eu po sv. Trojici sa slu\u017ebami Bo\u017e\u00edmi a Ve\u010derou P\u00e1novou skon\u010dilo jesenn\u00e9 zasadnutie XIII. synody Evanjelicko augsburskej cirkvi v Po\u013esku v kostole Spasite\u013ea v Bielsko-Bialej. K\u00e1zal prof. Marek Uglorz. Synoda zmenila a schv\u00e1lila z\u00e1sady vn\u00fatro cirkevn\u00e9ho pr\u00e1va. Zmena sa t\u00fdka volebn\u00e9ho pr\u00e1va. Od 1. janu\u00e1ra 2014 m\u00f4\u017eu sa vo vo\u013eb\u00e1ch o funkcie pre spr\u00e1vu a vedenie zboru a do diec\u00e9znej synody  uch\u00e1dza\u0165 veriaci &#8211; \u010dlenovia cirkevn\u00e9ho zboru, ktor\u00ed vyk\u00e1\u017eu najmenej trojro\u010dn\u00fa akt\u00edvnu \u00fa\u010das\u0165 v \u017eivote cirkevn\u00e9ho zboru. Voli\u0165 m\u00f4\u017eu tak ako doteraz t\u00ed,ktor\u00ed dosiahli 21. rok \u017eivota , akt\u00edvne sa z\u00fa\u010dast\u0148uj\u00fa duchovn\u00e9ho \u017eivota a pristupuj\u00fa pravidelne k P\u00e1novmu stolu. Synoda schv\u00e1lila tie\u017e nov\u00e9 z\u00e1sady vyu\u010dovania ev. n\u00e1bo\u017eenstva v pred\u0161kolsk\u00fdch zariadeniach a osobitn\u00fdch \u0161kol\u00e1ch. Synoda sa bude aj na\u010falej zaobera\u0165 ot\u00e1zkami, t\u00fdkaj\u00face sa homosexualizmu. Bud\u00face zasdadnutie synody bude na jar 2013 vo Var\u0161ave.<br \/>\n(bik.luteranie.pl)<\/p>\n","protected":false},"excerpt":{"rendered":"<p>V 21. nede\u013eu po sv. Trojici sa slu\u017ebami Bo\u017e\u00edmi a Ve\u010derou P\u00e1novou skon\u010dilo jesenn\u00e9 zasadnutie XIII. synody Evanjelicko augsburskej cirkvi v Po\u013esku v kostole Spasite\u013ea v Bielsko-Bialej. K\u00e1zal prof. Marek Uglorz. Synoda zmenila a schv\u00e1lila z\u00e1sady vn\u00fatro cirkevn\u00e9ho pr\u00e1va. Zmena sa t\u00fdka volebn\u00e9ho pr\u00e1va. Od 1. janu\u00e1ra 2014 m\u00f4\u017eu sa vo vo\u013eb\u00e1ch o funkcie pre &#8230; <a title=\"Skon\u010dila sa synoda EV AC v Po\u013esku\" class=\"read-more\" href=\"https:\/\/www.e-anjelik.sk\/index.php\/2012\/10\/29\/skoncila-sa-synoda-ev-ac-v-polsku\/\" aria-label=\"Pre\u010d\u00edtajte si viac o Skon\u010dila sa synoda EV AC v Po\u013esku\">\u010c\u00edta\u0165 viac<\/a><\/p>\n","protected":false},"author":22,"featured_media":0,"comment_status":"open","ping_status":"open","sticky":false,"template":"","format":"standard","meta":{"footnotes":""},"categories":[1],"tags":[234],"class_list":["post-4809","post","type-post","status-publish","format-standard","hentry","category-adventna-modlitba","tag-zdruzenia-a-skupiny"],"_links":{"self":[{"href":"https:\/\/www.e-anjelik.sk\/index.php\/wp-json\/wp\/v2\/posts\/4809","targetHints":{"allow":["GET"]}}],"collection":[{"href":"https:\/\/www.e-anjelik.sk\/index.php\/wp-json\/wp\/v2\/posts"}],"about":[{"href":"https:\/\/www.e-anjelik.sk\/index.php\/wp-json\/wp\/v2\/types\/post"}],"author":[{"embeddable":true,"href":"https:\/\/www.e-anjelik.sk\/index.php\/wp-json\/wp\/v2\/users\/22"}],"replies":[{"embeddable":true,"href":"https:\/\/www.e-anjelik.sk\/index.php\/wp-json\/wp\/v2\/comments?post=4809"}],"version-history":[{"count":0,"href":"https:\/\/www.e-anjelik.sk\/index.php\/wp-json\/wp\/v2\/posts\/4809\/revisions"}],"wp:attachment":[{"href":"https:\/\/www.e-anjelik.sk\/index.php\/wp-json\/wp\/v2\/media?parent=4809"}],"wp:term":[{"taxonomy":"category","embeddable":true,"href":"https:\/\/www.e-anjelik.sk\/index.php\/wp-json\/wp\/v2\/categories?post=4809"},{"taxonomy":"post_tag","embeddable":true,"href":"https:\/\/www.e-anjelik.sk\/index.php\/wp-json\/wp\/v2\/tags?post=4809"}],"curies":[{"name":"wp","href":"https:\/\/api.w.org\/{rel}","templated":true}]}}